{"id":1019,"date":"2013-05-20T12:12:35","date_gmt":"2013-05-20T10:12:35","guid":{"rendered":"http:\/\/www.monteagudo.info\/web\/?p=1019"},"modified":"2013-06-18T20:07:33","modified_gmt":"2013-06-18T18:07:33","slug":"intercambio-italia-del-2-al-12-de-agosto","status":"publish","type":"post","link":"https:\/\/monteagudo.info\/web\/intercambio-italia-del-2-al-12-de-agosto\/","title":{"rendered":"Intercambio Juvenil Italia, del 2 al 12 de agosto."},"content":{"rendered":"<p><span style=\"color: #ff0000;\"><strong>[10 d\u00edas en Sassinoro (Italia) por 100\u20ac (TODOS los gastos incluidos, desplazamiento, manutenci\u00f3n, actividades, etc.), clases de italiano, cocina, visitas por el entorno, participaci\u00f3n en el festival local, deportes, etc. con otros 30 j\u00f3venes de 5 paises distintos]<\/strong><\/span><\/p>\n<p>&nbsp;<\/p>\n<p><strong><span style=\"text-decoration: underline;\">DATOS DEL PROYECTO:<\/span><\/strong><\/p>\n<p><strong>\u201cFROM MEDITERRANEAN TO BALTIC, MORE NATIONS ONE COMMUNITY: EUROPE\u00bb<\/strong><\/p>\n<p align=\"center\">2nd &#8211; 12th August 2013, during \u201cEstate Sassinorese\u201d<\/p>\n<p>The project\u2019s main aims are:<\/p>\n<p><span style=\"text-decoration: underline;\">Cultural exchange of youths from different European countries to share\u00a0 experiences, traditions, customs and cultures.<\/span><\/p>\n<p>The project includes many activities that cover several fields, to allow young people to meet and learn about different cultures, improve the language skills and become aware to being\u00a0 European citizens.<\/p>\n<p>Youths will have to be able to adapt themselves to different reality and contexts.<\/p>\n<ul>\n<li>Participants will accommodate in different facilities of Sassinoro and in families;<\/li>\n<li>lunches will take place in our facilities;<\/li>\n<li>Accommodation and board will be in charge of Youth Forum of Sassinoro;<\/li>\n<li>Flight \u00a0expenses will be in charge of Youth forum for 50%, the other 50% will be in charge of participants (from your country to Naples or Rome, other travel expenses to reach Sassinoro \u00a0will be in charge of Youth forum);<\/li>\n<li>All the participants will meet in August the 2<sup>nd<\/sup>, 2012\u00a0 at\u00a0 Sassinoro\u2019s municipality.<\/li>\n<\/ul>\n<p>&nbsp;<\/p>\n<p><strong><span style=\"text-decoration: underline;\">INSCRIPCI\u00d3N:<\/span><\/strong><\/p>\n<p>Hasta el martes, 21 de mayo, a las 19:30 horas.<\/p>\n<p>Los participantes s\u00f3lo asumir\u00e1n el 50% de los gastos de desplazamiento Monteagudo-Valencia-Roma y Roma-Valencia-Monteagudo (hasta un m\u00e1ximo de 100\u20ac).<\/p>\n<p>Los desplazamiento desde el aeropuerto de Roma a Sassinorese, alojamiento, manutenci\u00f3n y actividades son costeados por el proyecto.<\/p>\n<p>Se valorar\u00e1 el que el solicitante sea miembro activo de asociaciones y\/o colabore como voluntario en actividades de la pedan\u00eda.<\/p>\n<p><strong><span style=\"text-decoration: underline;\">FORMULARION INSCRIPCI\u00d3N:<\/span><\/strong><\/p>\n<p>[contact-form to=&#8217;marcoantonio@ayto-murcia.es&#8217; subject=&#8217;Intercambio ITALIA&#8217;][contact-field label=&#8217;Nombre&#8217; type=&#8217;name&#8217; required=&#8217;1&#8217;\/][contact-field label=&#8217;Apellidos&#8217; type=&#8217;text&#8217; required=&#8217;1&#8217;\/][contact-field label=&#8217;Tel\u00e9fono&#8217; type=&#8217;text&#8217; required=&#8217;1&#8217;\/][contact-field label=&#8217;Direcci\u00f3n&#8217; type=&#8217;text&#8217; required=&#8217;1&#8217;\/][contact-field label=&#8217;Email&#8217; type=&#8217;email&#8217; required=&#8217;1&#8217;\/][contact-field label=&#8217;Nivel de Ingl\u00e9s&#8217; type=&#8217;text&#8217; required=&#8217;1&#8217;\/][contact-field label=&#8217;Nivel de estudios&#8217; type=&#8217;text&#8217; required=&#8217;1&#8217;\/][contact-field label=&#8217;Participaci\u00f3n activa en asociaciones o voluntariado en la Pedan\u00eda&#8217; type=&#8217;textarea&#8217;\/][\/contact-form]<\/p>\n<p>&nbsp;<\/p>\n","protected":false},"excerpt":{"rendered":"<p>La participaci\u00f3n en el proyecto, est\u00e1 abierto a j\u00f3venes empadronados en la pedan\u00eda de Monteagudo, de entre 22 y 28 a\u00f1os. Imprescindible tener suficientes conocimientos de ingl\u00e9s como para poder participar en grupos de discusi\u00f3n.<br \/>\nINSCRIPCI\u00d3N HASTA EL MARTES, 14 DE MAYO.<\/p><p><a class=\"more-link btn\" href=\"https:\/\/monteagudo.info\/web\/intercambio-italia-del-2-al-12-de-agosto\/\">Seguir leyendo<\/a><\/p>\n","protected":false},"author":2,"featured_media":0,"comment_status":"open","ping_status":"open","sticky":false,"template":"","format":"standard","meta":{"_jetpack_memberships_contains_paid_content":false,"footnotes":""},"categories":[1],"tags":[],"class_list":["post-1019","post","type-post","status-publish","format-standard","hentry","category-noticias","nodate","item-wrap"],"jetpack_featured_media_url":"","jetpack_sharing_enabled":true,"_links":{"self":[{"href":"https:\/\/monteagudo.info\/web\/wp-json\/wp\/v2\/posts\/1019","targetHints":{"allow":["GET"]}}],"collection":[{"href":"https:\/\/monteagudo.info\/web\/wp-json\/wp\/v2\/posts"}],"about":[{"href":"https:\/\/monteagudo.info\/web\/wp-json\/wp\/v2\/types\/post"}],"author":[{"embeddable":true,"href":"https:\/\/monteagudo.info\/web\/wp-json\/wp\/v2\/users\/2"}],"replies":[{"embeddable":true,"href":"https:\/\/monteagudo.info\/web\/wp-json\/wp\/v2\/comments?post=1019"}],"version-history":[{"count":15,"href":"https:\/\/monteagudo.info\/web\/wp-json\/wp\/v2\/posts\/1019\/revisions"}],"predecessor-version":[{"id":1021,"href":"https:\/\/monteagudo.info\/web\/wp-json\/wp\/v2\/posts\/1019\/revisions\/1021"}],"wp:attachment":[{"href":"https:\/\/monteagudo.info\/web\/wp-json\/wp\/v2\/media?parent=1019"}],"wp:term":[{"taxonomy":"category","embeddable":true,"href":"https:\/\/monteagudo.info\/web\/wp-json\/wp\/v2\/categories?post=1019"},{"taxonomy":"post_tag","embeddable":true,"href":"https:\/\/monteagudo.info\/web\/wp-json\/wp\/v2\/tags?post=1019"}],"curies":[{"name":"wp","href":"https:\/\/api.w.org\/{rel}","templated":true}]}}