{"id":1649,"date":"2013-07-31T09:11:51","date_gmt":"2013-07-31T07:11:51","guid":{"rendered":"http:\/\/www.monteagudo.info\/web\/?p=1649"},"modified":"2013-07-31T09:41:25","modified_gmt":"2013-07-31T07:41:25","slug":"coronacion-de-las-reinas-con-cena-fria-y-actuacion-grupo-geminis","status":"publish","type":"post","link":"https:\/\/monteagudo.info\/web\/coronacion-de-las-reinas-con-cena-fria-y-actuacion-grupo-geminis\/","title":{"rendered":"Coronaci\u00f3n de las Reinas. Con cena fr\u00eda y actuaci\u00f3n del grupo G\u00e9minis."},"content":{"rendered":"<p><strong><span style=\"text-decoration: underline;\">Viernes, 2 de agosto de 2013.<\/span><\/strong><\/p>\n<p>A partir de las 21:30, tendr\u00e1 lugar una cena fr\u00eda, antes de la coronaci\u00f3n de las Reinas de las Fiestas. Todo ello amenizado con las actuaciones del grup\u00f3 G\u00e9minis.<\/p>\n<p style=\"text-align: center;\"><a href=\"http:\/\/monteagudo.info\/web\/wp-content\/uploads\/2013\/07\/Grupo-g\u00e9minis.jpg\"><img loading=\"lazy\" decoding=\"async\" class=\"size-medium wp-image-1650 aligncenter\" title=\"Grupo g\u00e9minis\" src=\"http:\/\/monteagudo.info\/web\/wp-content\/uploads\/2013\/07\/Grupo-g\u00e9minis-300x122.jpg\" alt=\"\" width=\"300\" height=\"122\" srcset=\"https:\/\/monteagudo.info\/web\/wp-content\/uploads\/2013\/07\/Grupo-g\u00e9minis-300x122.jpg 300w, https:\/\/monteagudo.info\/web\/wp-content\/uploads\/2013\/07\/Grupo-g\u00e9minis.jpg 710w\" sizes=\"auto, (max-width: 300px) 100vw, 300px\" \/><\/a><\/p>\n<p>Actuaci\u00f3n de 2 de los 4 miembros del grupo G\u00e9minis en los \u00ab7 m\u00e1gnificos\u00bb de 7RM-TV:<\/p>\n<p><iframe loading=\"lazy\" src=\"\/\/www.youtube.com\/embed\/4x-p-wyLpJ4?rel=0\" frameborder=\"0\" width=\"420\" height=\"315\"><\/iframe><\/p>\n","protected":false},"excerpt":{"rendered":"<p>Viernes, 2 de agosto, a partir de las 21:30.<\/p><p><a class=\"more-link btn\" href=\"https:\/\/monteagudo.info\/web\/coronacion-de-las-reinas-con-cena-fria-y-actuacion-grupo-geminis\/\">Seguir leyendo<\/a><\/p>\n","protected":false},"author":2,"featured_media":1650,"comment_status":"open","ping_status":"open","sticky":false,"template":"","format":"standard","meta":{"_jetpack_memberships_contains_paid_content":false,"footnotes":""},"categories":[1],"tags":[],"class_list":["post-1649","post","type-post","status-publish","format-standard","has-post-thumbnail","hentry","category-noticias","nodate","item-wrap"],"jetpack_featured_media_url":"https:\/\/monteagudo.info\/web\/wp-content\/uploads\/2013\/07\/Grupo-g\u00e9minis.jpg","jetpack_sharing_enabled":true,"_links":{"self":[{"href":"https:\/\/monteagudo.info\/web\/wp-json\/wp\/v2\/posts\/1649","targetHints":{"allow":["GET"]}}],"collection":[{"href":"https:\/\/monteagudo.info\/web\/wp-json\/wp\/v2\/posts"}],"about":[{"href":"https:\/\/monteagudo.info\/web\/wp-json\/wp\/v2\/types\/post"}],"author":[{"embeddable":true,"href":"https:\/\/monteagudo.info\/web\/wp-json\/wp\/v2\/users\/2"}],"replies":[{"embeddable":true,"href":"https:\/\/monteagudo.info\/web\/wp-json\/wp\/v2\/comments?post=1649"}],"version-history":[{"count":11,"href":"https:\/\/monteagudo.info\/web\/wp-json\/wp\/v2\/posts\/1649\/revisions"}],"predecessor-version":[{"id":1652,"href":"https:\/\/monteagudo.info\/web\/wp-json\/wp\/v2\/posts\/1649\/revisions\/1652"}],"wp:featuredmedia":[{"embeddable":true,"href":"https:\/\/monteagudo.info\/web\/wp-json\/wp\/v2\/media\/1650"}],"wp:attachment":[{"href":"https:\/\/monteagudo.info\/web\/wp-json\/wp\/v2\/media?parent=1649"}],"wp:term":[{"taxonomy":"category","embeddable":true,"href":"https:\/\/monteagudo.info\/web\/wp-json\/wp\/v2\/categories?post=1649"},{"taxonomy":"post_tag","embeddable":true,"href":"https:\/\/monteagudo.info\/web\/wp-json\/wp\/v2\/tags?post=1649"}],"curies":[{"name":"wp","href":"https:\/\/api.w.org\/{rel}","templated":true}]}}