{"id":2189,"date":"2014-12-23T18:22:46","date_gmt":"2014-12-23T17:22:46","guid":{"rendered":"http:\/\/www.monteagudo.info\/web\/?p=2189"},"modified":"2014-12-25T21:54:59","modified_gmt":"2014-12-25T20:54:59","slug":"actuacion-pena-huertana-el-candil-de-monteagudo-en-el-belen-municipal-de-murcia","status":"publish","type":"post","link":"https:\/\/monteagudo.info\/web\/actuacion-pena-huertana-el-candil-de-monteagudo-en-el-belen-municipal-de-murcia\/","title":{"rendered":"Actuaci\u00f3n Pe\u00f1a Huertana \u00abEl Candil de Monteagudo\u00bb en el Bel\u00e9n Municipal de Murcia"},"content":{"rendered":"<p>El s\u00e1bado, 27 de diciembre, a las 20 horas, la Pe\u00f1a Huertana \u00abEL CANDIL\u00bb de Monteagudo act\u00faa en el Bel\u00e9n Municipal, situado en el Palacio Episcopal\u00a0 de Murcia.<\/p>\n<p>Direcci\u00f3n: Plaza del Cardenal Belluga, 1. Murcia<\/p>\n<p><a href=\"http:\/\/monteagudo.info\/web\/wp-content\/uploads\/2013\/12\/Pe\u00f1a-Huertana-EL-CANDIL-Belen-Municipal.jpg\"><img loading=\"lazy\" decoding=\"async\" class=\"aligncenter size-medium wp-image-2206\" src=\"http:\/\/monteagudo.info\/web\/wp-content\/uploads\/2013\/12\/Pe\u00f1a-Huertana-EL-CANDIL-Belen-Municipal-300x225.jpg\" alt=\"Pe\u00f1a Huertana EL CANDIL Belen Municipal\" width=\"300\" height=\"225\" srcset=\"https:\/\/monteagudo.info\/web\/wp-content\/uploads\/2013\/12\/Pe\u00f1a-Huertana-EL-CANDIL-Belen-Municipal-300x225.jpg 300w, https:\/\/monteagudo.info\/web\/wp-content\/uploads\/2013\/12\/Pe\u00f1a-Huertana-EL-CANDIL-Belen-Municipal.jpg 960w\" sizes=\"auto, (max-width: 300px) 100vw, 300px\" \/><\/a><\/p>\n<p>&nbsp;<\/p>\n","protected":false},"excerpt":{"rendered":"<p>El s\u00e1bado, 27 de diciembre, a las 20 horas, la Pe\u00f1a Huertana \u00abEL CANDIL\u00bb de Monteagudo act\u00faa en el Bel\u00e9n Municipal, situado en el Palacio Episcopal\u00a0 de Murcia.<\/p>\n<p>Direcci\u00f3n: Plaza del Cardenal Belluga, 1. Murcia<\/p>\n<\/p>\n<p>&nbsp;<\/p>\n","protected":false},"author":2,"featured_media":2206,"comment_status":"open","ping_status":"open","sticky":false,"template":"","format":"standard","meta":{"_jetpack_memberships_contains_paid_content":false,"footnotes":""},"categories":[1],"tags":[],"class_list":["post-2189","post","type-post","status-publish","format-standard","has-post-thumbnail","hentry","category-noticias","nodate","item-wrap"],"jetpack_featured_media_url":"https:\/\/monteagudo.info\/web\/wp-content\/uploads\/2013\/12\/Pe\u00f1a-Huertana-EL-CANDIL-Belen-Municipal.jpg","jetpack_sharing_enabled":true,"_links":{"self":[{"href":"https:\/\/monteagudo.info\/web\/wp-json\/wp\/v2\/posts\/2189","targetHints":{"allow":["GET"]}}],"collection":[{"href":"https:\/\/monteagudo.info\/web\/wp-json\/wp\/v2\/posts"}],"about":[{"href":"https:\/\/monteagudo.info\/web\/wp-json\/wp\/v2\/types\/post"}],"author":[{"embeddable":true,"href":"https:\/\/monteagudo.info\/web\/wp-json\/wp\/v2\/users\/2"}],"replies":[{"embeddable":true,"href":"https:\/\/monteagudo.info\/web\/wp-json\/wp\/v2\/comments?post=2189"}],"version-history":[{"count":4,"href":"https:\/\/monteagudo.info\/web\/wp-json\/wp\/v2\/posts\/2189\/revisions"}],"predecessor-version":[{"id":2941,"href":"https:\/\/monteagudo.info\/web\/wp-json\/wp\/v2\/posts\/2189\/revisions\/2941"}],"wp:featuredmedia":[{"embeddable":true,"href":"https:\/\/monteagudo.info\/web\/wp-json\/wp\/v2\/media\/2206"}],"wp:attachment":[{"href":"https:\/\/monteagudo.info\/web\/wp-json\/wp\/v2\/media?parent=2189"}],"wp:term":[{"taxonomy":"category","embeddable":true,"href":"https:\/\/monteagudo.info\/web\/wp-json\/wp\/v2\/categories?post=2189"},{"taxonomy":"post_tag","embeddable":true,"href":"https:\/\/monteagudo.info\/web\/wp-json\/wp\/v2\/tags?post=2189"}],"curies":[{"name":"wp","href":"https:\/\/api.w.org\/{rel}","templated":true}]}}