{"id":232,"date":"2012-05-08T13:24:20","date_gmt":"2012-05-08T11:24:20","guid":{"rendered":"http:\/\/monteagudo.info\/web\/?p=232"},"modified":"2012-07-15T15:01:21","modified_gmt":"2012-07-15T13:01:21","slug":"la-cofradia-nazarena-de-monteagudo-realiza-un-altar-con-motivo-del-encuerto-de-adoraciones-nocturnas-interdiocesana","status":"publish","type":"post","link":"https:\/\/monteagudo.info\/web\/la-cofradia-nazarena-de-monteagudo-realiza-un-altar-con-motivo-del-encuerto-de-adoraciones-nocturnas-interdiocesana\/","title":{"rendered":"La Cofrad\u00eda Nazarena de Monteagudo realiza un Altar para el encuentro de Adoraciones Nocturnas Interdiocesana"},"content":{"rendered":"<p>El Altar, con dimensiones 9.5 m. longitud\u00a0x 4 m. de profundidad, estuvo presidido\u00a0con las im\u00e1genes de Cristo Resucitado y Mar\u00eda Magdalena (obras del escultor Antonio Laba\u00f1a)\u00a0que generosamente\u00a0 cedi\u00f3 para la ocasi\u00f3n la Cofrad\u00eda del Resucitado de Murcia. \u00c9stas im\u00e1genes procesionan la ma\u00f1ana de Domingo de Resurrecci\u00f3n desde la iglesia de Santa Eulalia.<\/p>\n<p>Se cont\u00f3 con la grata presencia de miembros de la Cofrad\u00eda del Resucitado de Murcia que vinieron a visitar el resultado del proyecto, como con la del escultor de las figuras.<\/p>\n<p>La mayor sorpresa se tuvo con la visita inesperada que realiz\u00f3 el Obispo al Altar de la Cofrad\u00eda, tras la finalizaci\u00f3n de la misa, el cual\u00a0comparti\u00f3 impresiones y bendijo el mismo dando la enhorabuena a la Cofrad\u00eda de Monteagudo por tan magno resultado.<\/p>\n\n\t\t<style type=\"text\/css\">\n\t\t\t#gallery-1 {\n\t\t\t\tmargin: auto;\n\t\t\t}\n\t\t\t#gallery-1 .gallery-item {\n\t\t\t\tfloat: left;\n\t\t\t\tmargin-top: 10px;\n\t\t\t\ttext-align: center;\n\t\t\t\twidth: 33%;\n\t\t\t}\n\t\t\t#gallery-1 img {\n\t\t\t\tborder: 2px solid #cfcfcf;\n\t\t\t}\n\t\t\t#gallery-1 .gallery-caption {\n\t\t\t\tmargin-left: 0;\n\t\t\t}\n\t\t\t\/* see gallery_shortcode() in wp-includes\/media.php *\/\n\t\t<\/style>\n\t\t<div id='gallery-1' class='gallery galleryid-232 gallery-columns-3 gallery-size-thumbnail'><dl class='gallery-item'>\n\t\t\t<dt class='gallery-icon landscape'>\n\t\t\t\t<a href='https:\/\/monteagudo.info\/web\/wp-content\/uploads\/2012\/05\/Altar1.jpg'><img loading=\"lazy\" decoding=\"async\" width=\"150\" height=\"150\" src=\"https:\/\/monteagudo.info\/web\/wp-content\/uploads\/2012\/05\/Altar1-150x150.jpg\" class=\"attachment-thumbnail size-thumbnail\" alt=\"\" \/><\/a>\n\t\t\t<\/dt><\/dl><dl class='gallery-item'>\n\t\t\t<dt class='gallery-icon landscape'>\n\t\t\t\t<a href='https:\/\/monteagudo.info\/web\/wp-content\/uploads\/2012\/05\/Altar3.jpg'><img loading=\"lazy\" decoding=\"async\" width=\"150\" height=\"150\" src=\"https:\/\/monteagudo.info\/web\/wp-content\/uploads\/2012\/05\/Altar3-150x150.jpg\" class=\"attachment-thumbnail size-thumbnail\" alt=\"\" \/><\/a>\n\t\t\t<\/dt><\/dl>\n\t\t\t<br style='clear: both' \/>\n\t\t<\/div>\n\n","protected":false},"excerpt":{"rendered":"<p>El Altar, con dimensiones 9.5 m. longitud\u00a0x 4 m. de profundidad, estuvo presidido\u00a0con las im\u00e1genes de Cristo Resucitado y Mar\u00eda Magdalena (obras del escultor Antonio Laba\u00f1a)\u00a0que generosamente\u00a0 cedi\u00f3 para la ocasi\u00f3n la Cofrad\u00eda del Resucitado de Murcia. \u00c9stas im\u00e1genes procesionan la ma\u00f1ana de Domingo de Resurrecci\u00f3n desde la iglesia de Santa Eulalia.<\/p>\n<p>Se cont\u00f3 con &hellip; <\/p>\n<p><a class=\"more-link btn\" href=\"https:\/\/monteagudo.info\/web\/la-cofradia-nazarena-de-monteagudo-realiza-un-altar-con-motivo-del-encuerto-de-adoraciones-nocturnas-interdiocesana\/\">Seguir leyendo<\/a><\/p>\n","protected":false},"author":2,"featured_media":0,"comment_status":"closed","ping_status":"open","sticky":false,"template":"","format":"standard","meta":{"_jetpack_memberships_contains_paid_content":false,"footnotes":""},"categories":[1],"tags":[],"class_list":["post-232","post","type-post","status-publish","format-standard","hentry","category-noticias","nodate","item-wrap"],"jetpack_featured_media_url":"","jetpack_sharing_enabled":true,"_links":{"self":[{"href":"https:\/\/monteagudo.info\/web\/wp-json\/wp\/v2\/posts\/232","targetHints":{"allow":["GET"]}}],"collection":[{"href":"https:\/\/monteagudo.info\/web\/wp-json\/wp\/v2\/posts"}],"about":[{"href":"https:\/\/monteagudo.info\/web\/wp-json\/wp\/v2\/types\/post"}],"author":[{"embeddable":true,"href":"https:\/\/monteagudo.info\/web\/wp-json\/wp\/v2\/users\/2"}],"replies":[{"embeddable":true,"href":"https:\/\/monteagudo.info\/web\/wp-json\/wp\/v2\/comments?post=232"}],"version-history":[{"count":7,"href":"https:\/\/monteagudo.info\/web\/wp-json\/wp\/v2\/posts\/232\/revisions"}],"predecessor-version":[{"id":241,"href":"https:\/\/monteagudo.info\/web\/wp-json\/wp\/v2\/posts\/232\/revisions\/241"}],"wp:attachment":[{"href":"https:\/\/monteagudo.info\/web\/wp-json\/wp\/v2\/media?parent=232"}],"wp:term":[{"taxonomy":"category","embeddable":true,"href":"https:\/\/monteagudo.info\/web\/wp-json\/wp\/v2\/categories?post=232"},{"taxonomy":"post_tag","embeddable":true,"href":"https:\/\/monteagudo.info\/web\/wp-json\/wp\/v2\/tags?post=232"}],"curies":[{"name":"wp","href":"https:\/\/api.w.org\/{rel}","templated":true}]}}