{"id":2377,"date":"2014-03-10T18:57:57","date_gmt":"2014-03-10T17:57:57","guid":{"rendered":"http:\/\/www.monteagudo.info\/web\/?p=2377"},"modified":"2014-03-10T19:05:20","modified_gmt":"2014-03-10T18:05:20","slug":"excursion-a-jumilla-del-centro-de-mayores-de-la-cueva","status":"publish","type":"post","link":"https:\/\/monteagudo.info\/web\/excursion-a-jumilla-del-centro-de-mayores-de-la-cueva\/","title":{"rendered":"Excursi\u00f3n a JUMILLA del Centro de Mayores de La Cueva"},"content":{"rendered":"<p>El pr\u00f3ximo s\u00e1bado, 15 de marzo, tendr\u00e1 lugar la excursi\u00f3n a JUMILLA organizada por el Centro Social de Mayores de LA CUEVA.<\/p>\n<p>La salida ser\u00e1 a las\u00a0 8:30, visitando una de las bodegas con m\u00e1s tradici\u00f3n vin\u00edcola\u00a0 en jumilla, en la que tendr\u00e1 lugar una degustaci\u00f3n de sus vinos. Despu\u00e9s, traslado al pueblo, donde se visitar\u00e1 el centro hist\u00f3rico y sus monumentos (museo arqueol\u00f3gico y de las mariposas, su castillo\u00a0 etc.)Traslado al restaurante concertado. Por la tarde\u00a0 baile y regreso al lugar de\u00a0 origen.<\/p>\n<p>EL PRECIO INCLUYE:<br \/>\n\u2022\u00a0Autob\u00fas para todo el recorrido.<br \/>\n\u2022\u00a0Gu\u00eda acompa\u00f1ante.<br \/>\n\u2022\u00a0Almuerzo en restaurante concertado.<br \/>\n\u2022\u00a0Visita a una bodega.<\/p>\n<p>NO INCLUYE: ENTRADAS A MUSEOS NI MONUMENTOS , CUALQUIER APARTADO QUE NO REFLEJE ESTE ITINERARIO<\/p>\n<p><strong>PRECIO POR PERSONA:<br \/>\nSOCIOS \u2026. 22\u20ac<br \/>\nNO SOCIOS\u2026.25\u20ac<\/strong><\/p>\n<p>MEN\u00da:<\/p>\n<p>ENSALADAS MIXTAS<br \/>\nPLATO INDIVIDUAL DE ENTREMESES:<br \/>\nJAM\u00d3N GRAN RESERVA.<br \/>\nQUESO MANCHEGO<br \/>\nLOMO<br \/>\nCHORIZO<br \/>\nSALCHICH\u00d3N<br \/>\nALMENDRAS FRITAS<br \/>\nCALAMARES ROMANA<br \/>\nQUESO FRITO CON DULCE DE TOMATE<br \/>\n<strong>\u00a0GAMB\u00d3N A LA PLANCHA A GOG\u00d3<\/strong><br \/>\nSORBETE DE LIM\u00d3N AL CAVA<br \/>\nSOLOMILLO A LA CASTELLANA<br \/>\nPOSTRE ESPECIAL<br \/>\nROLLITOS DEL AMOR<br \/>\nCAF\u00c9, VINOS DE JUMILLA, BEBIDAS VARIADAS<\/p>\n<p>&nbsp;<\/p>\n<p>(*) Los socios tendr\u00e1n preferencia de inscripci\u00f3n hasta el 28 de Febrero, a partir de esta fecha, se admitir\u00e1n indistintamente la solicitud de socios y no socios. La plazas se adjudicar\u00e1n por orden de pago.<br \/>\n\n\t\t<style type=\"text\/css\">\n\t\t\t#gallery-1 {\n\t\t\t\tmargin: auto;\n\t\t\t}\n\t\t\t#gallery-1 .gallery-item {\n\t\t\t\tfloat: left;\n\t\t\t\tmargin-top: 10px;\n\t\t\t\ttext-align: center;\n\t\t\t\twidth: 50%;\n\t\t\t}\n\t\t\t#gallery-1 img {\n\t\t\t\tborder: 2px solid #cfcfcf;\n\t\t\t}\n\t\t\t#gallery-1 .gallery-caption {\n\t\t\t\tmargin-left: 0;\n\t\t\t}\n\t\t\t\/* see gallery_shortcode() in wp-includes\/media.php *\/\n\t\t<\/style>\n\t\t<div id='gallery-1' class='gallery galleryid-2377 gallery-columns-2 gallery-size-thumbnail'><dl class='gallery-item'>\n\t\t\t<dt class='gallery-icon landscape'>\n\t\t\t\t<a href='https:\/\/monteagudo.info\/web\/wp-content\/uploads\/2014\/03\/MURCIAjumilla.jpg'><img loading=\"lazy\" decoding=\"async\" width=\"150\" height=\"150\" src=\"https:\/\/monteagudo.info\/web\/wp-content\/uploads\/2014\/03\/MURCIAjumilla-150x150.jpg\" class=\"attachment-thumbnail size-thumbnail\" alt=\"\" \/><\/a>\n\t\t\t<\/dt><\/dl><dl class='gallery-item'>\n\t\t\t<dt class='gallery-icon landscape'>\n\t\t\t\t<a href='https:\/\/monteagudo.info\/web\/wp-content\/uploads\/2014\/03\/carchelo-img03-e1394474599281.jpg'><img loading=\"lazy\" decoding=\"async\" width=\"150\" height=\"150\" src=\"https:\/\/monteagudo.info\/web\/wp-content\/uploads\/2014\/03\/carchelo-img03-150x150.jpg\" class=\"attachment-thumbnail size-thumbnail\" alt=\"\" \/><\/a>\n\t\t\t<\/dt><\/dl><br style=\"clear: both\" \/>\n\t\t<\/div>\n<\/p>\n","protected":false},"excerpt":{"rendered":"<p>El pr\u00f3ximo s\u00e1bado, 15 de marzo, tendr\u00e1 lugar la excursi\u00f3n a JUMILLA organizada por el Centro Social de Mayores de LA CUEVA.<\/p>\n<p>La salida ser\u00e1 a las\u00a0 8:30, visitando una de las bodegas con m\u00e1s tradici\u00f3n vin\u00edcola\u00a0 en jumilla, en la que tendr\u00e1 lugar una degustaci\u00f3n de sus vinos. Despu\u00e9s, traslado al pueblo, donde se &hellip; <\/p>\n<p><a class=\"more-link btn\" href=\"https:\/\/monteagudo.info\/web\/excursion-a-jumilla-del-centro-de-mayores-de-la-cueva\/\">Seguir leyendo<\/a><\/p>\n","protected":false},"author":2,"featured_media":0,"comment_status":"open","ping_status":"open","sticky":false,"template":"","format":"standard","meta":{"_jetpack_memberships_contains_paid_content":false,"footnotes":""},"categories":[1],"tags":[],"class_list":["post-2377","post","type-post","status-publish","format-standard","hentry","category-noticias","nodate","item-wrap"],"jetpack_featured_media_url":"","jetpack_sharing_enabled":true,"_links":{"self":[{"href":"https:\/\/monteagudo.info\/web\/wp-json\/wp\/v2\/posts\/2377","targetHints":{"allow":["GET"]}}],"collection":[{"href":"https:\/\/monteagudo.info\/web\/wp-json\/wp\/v2\/posts"}],"about":[{"href":"https:\/\/monteagudo.info\/web\/wp-json\/wp\/v2\/types\/post"}],"author":[{"embeddable":true,"href":"https:\/\/monteagudo.info\/web\/wp-json\/wp\/v2\/users\/2"}],"replies":[{"embeddable":true,"href":"https:\/\/monteagudo.info\/web\/wp-json\/wp\/v2\/comments?post=2377"}],"version-history":[{"count":4,"href":"https:\/\/monteagudo.info\/web\/wp-json\/wp\/v2\/posts\/2377\/revisions"}],"predecessor-version":[{"id":2383,"href":"https:\/\/monteagudo.info\/web\/wp-json\/wp\/v2\/posts\/2377\/revisions\/2383"}],"wp:attachment":[{"href":"https:\/\/monteagudo.info\/web\/wp-json\/wp\/v2\/media?parent=2377"}],"wp:term":[{"taxonomy":"category","embeddable":true,"href":"https:\/\/monteagudo.info\/web\/wp-json\/wp\/v2\/categories?post=2377"},{"taxonomy":"post_tag","embeddable":true,"href":"https:\/\/monteagudo.info\/web\/wp-json\/wp\/v2\/tags?post=2377"}],"curies":[{"name":"wp","href":"https:\/\/api.w.org\/{rel}","templated":true}]}}