{"id":2651,"date":"2014-07-31T19:18:23","date_gmt":"2014-07-31T17:18:23","guid":{"rendered":"http:\/\/www.monteagudo.info\/web\/?p=2651"},"modified":"2014-08-02T18:45:42","modified_gmt":"2014-08-02T16:45:42","slug":"fiestas-monteagudo-discomovil-en-confiteria-aragon","status":"publish","type":"post","link":"https:\/\/monteagudo.info\/web\/fiestas-monteagudo-discomovil-en-confiteria-aragon\/","title":{"rendered":"Fiestas Monteagudo &#8217;14: Discom\u00f3vil en Confiter\u00eda Arag\u00f3n"},"content":{"rendered":"<p>El s\u00e1bado, 2 de agosto, al acabar la misa celebrada tras la Romer\u00eda de bajada de San Cayetano, la confiter\u00eda Arag\u00f3n ha organizado una discom\u00f3vil en la puerta de su establecimiento. A la 1:00h. invitar\u00e1 a todos los asistentes a monas con chocolate.<\/p>\n\n\t\t<style type=\"text\/css\">\n\t\t\t#gallery-1 {\n\t\t\t\tmargin: auto;\n\t\t\t}\n\t\t\t#gallery-1 .gallery-item {\n\t\t\t\tfloat: left;\n\t\t\t\tmargin-top: 10px;\n\t\t\t\ttext-align: center;\n\t\t\t\twidth: 50%;\n\t\t\t}\n\t\t\t#gallery-1 img {\n\t\t\t\tborder: 2px solid #cfcfcf;\n\t\t\t}\n\t\t\t#gallery-1 .gallery-caption {\n\t\t\t\tmargin-left: 0;\n\t\t\t}\n\t\t\t\/* see gallery_shortcode() in wp-includes\/media.php *\/\n\t\t<\/style>\n\t\t<div id='gallery-1' class='gallery galleryid-2651 gallery-columns-2 gallery-size-thumbnail'><dl class='gallery-item'>\n\t\t\t<dt class='gallery-icon landscape'>\n\t\t\t\t<a href='https:\/\/monteagudo.info\/web\/wp-content\/uploads\/2014\/07\/2-agosto-sabado-2.jpg'><img loading=\"lazy\" decoding=\"async\" width=\"150\" height=\"150\" src=\"https:\/\/monteagudo.info\/web\/wp-content\/uploads\/2014\/07\/2-agosto-sabado-2-150x150.jpg\" class=\"attachment-thumbnail size-thumbnail\" alt=\"\" srcset=\"https:\/\/monteagudo.info\/web\/wp-content\/uploads\/2014\/07\/2-agosto-sabado-2-150x150.jpg 150w, https:\/\/monteagudo.info\/web\/wp-content\/uploads\/2014\/07\/2-agosto-sabado-2-300x300.jpg 300w, https:\/\/monteagudo.info\/web\/wp-content\/uploads\/2014\/07\/2-agosto-sabado-2.jpg 720w\" sizes=\"auto, (max-width: 150px) 100vw, 150px\" \/><\/a>\n\t\t\t<\/dt><\/dl><dl class='gallery-item'>\n\t\t\t<dt class='gallery-icon landscape'>\n\t\t\t\t<a href='https:\/\/monteagudo.info\/web\/wp-content\/uploads\/2014\/07\/2-agosto-sabado-1.jpg'><img loading=\"lazy\" decoding=\"async\" width=\"150\" height=\"150\" src=\"https:\/\/monteagudo.info\/web\/wp-content\/uploads\/2014\/07\/2-agosto-sabado-1-150x150.jpg\" class=\"attachment-thumbnail size-thumbnail\" alt=\"\" srcset=\"https:\/\/monteagudo.info\/web\/wp-content\/uploads\/2014\/07\/2-agosto-sabado-1-150x150.jpg 150w, https:\/\/monteagudo.info\/web\/wp-content\/uploads\/2014\/07\/2-agosto-sabado-1-300x300.jpg 300w, https:\/\/monteagudo.info\/web\/wp-content\/uploads\/2014\/07\/2-agosto-sabado-1.jpg 720w\" sizes=\"auto, (max-width: 150px) 100vw, 150px\" \/><\/a>\n\t\t\t<\/dt><\/dl><br style=\"clear: both\" \/>\n\t\t<\/div>\n\n","protected":false},"excerpt":{"rendered":"<p>El s\u00e1bado, 2 de agosto, al acabar la misa celebrada tras la Romer\u00eda de bajada de San Cayetano, la confiter\u00eda Arag\u00f3n ha organizado una discom\u00f3vil en la puerta de su establecimiento. A la 1:00h. invitar\u00e1 a todos los asistentes a monas con chocolate.<\/p>\n","protected":false},"author":2,"featured_media":2653,"comment_status":"open","ping_status":"open","sticky":false,"template":"","format":"standard","meta":{"_jetpack_memberships_contains_paid_content":false,"footnotes":""},"categories":[1],"tags":[],"class_list":["post-2651","post","type-post","status-publish","format-standard","has-post-thumbnail","hentry","category-noticias","nodate","item-wrap"],"jetpack_featured_media_url":"https:\/\/monteagudo.info\/web\/wp-content\/uploads\/2014\/07\/2-agosto-sabado-2.jpg","jetpack_sharing_enabled":true,"_links":{"self":[{"href":"https:\/\/monteagudo.info\/web\/wp-json\/wp\/v2\/posts\/2651","targetHints":{"allow":["GET"]}}],"collection":[{"href":"https:\/\/monteagudo.info\/web\/wp-json\/wp\/v2\/posts"}],"about":[{"href":"https:\/\/monteagudo.info\/web\/wp-json\/wp\/v2\/types\/post"}],"author":[{"embeddable":true,"href":"https:\/\/monteagudo.info\/web\/wp-json\/wp\/v2\/users\/2"}],"replies":[{"embeddable":true,"href":"https:\/\/monteagudo.info\/web\/wp-json\/wp\/v2\/comments?post=2651"}],"version-history":[{"count":2,"href":"https:\/\/monteagudo.info\/web\/wp-json\/wp\/v2\/posts\/2651\/revisions"}],"predecessor-version":[{"id":2684,"href":"https:\/\/monteagudo.info\/web\/wp-json\/wp\/v2\/posts\/2651\/revisions\/2684"}],"wp:featuredmedia":[{"embeddable":true,"href":"https:\/\/monteagudo.info\/web\/wp-json\/wp\/v2\/media\/2653"}],"wp:attachment":[{"href":"https:\/\/monteagudo.info\/web\/wp-json\/wp\/v2\/media?parent=2651"}],"wp:term":[{"taxonomy":"category","embeddable":true,"href":"https:\/\/monteagudo.info\/web\/wp-json\/wp\/v2\/categories?post=2651"},{"taxonomy":"post_tag","embeddable":true,"href":"https:\/\/monteagudo.info\/web\/wp-json\/wp\/v2\/tags?post=2651"}],"curies":[{"name":"wp","href":"https:\/\/api.w.org\/{rel}","templated":true}]}}