{"id":2856,"date":"2014-11-19T09:50:35","date_gmt":"2014-11-19T08:50:35","guid":{"rendered":"http:\/\/www.monteagudo.info\/web\/?p=2856"},"modified":"2014-11-19T09:58:09","modified_gmt":"2014-11-19T08:58:09","slug":"datos-evolucion-del-paro-en-monteagudo-durante-los-ultimos-24-meses","status":"publish","type":"post","link":"https:\/\/monteagudo.info\/web\/datos-evolucion-del-paro-en-monteagudo-durante-los-ultimos-24-meses\/","title":{"rendered":"Datos Evoluci\u00f3n del Paro en Monteagudo durante los \u00faltimos 24 meses."},"content":{"rendered":"<p>Por sexto trimestre consecutivo, se reduce el n\u00famero de parados en el conjunto de la Pedan\u00eda de Monteagudo.<br \/>\nCon respecto al 1er trimestre de 2013, el descenso supone un 16&#8217;5%.<\/p>\n<p style=\"text-align: center;\"><strong>DATOS PARO REGISTRADO EN MONTEAGUDO:<\/strong><\/p>\n<p><a href=\"http:\/\/monteagudo.info\/web\/wp-content\/uploads\/2014\/11\/Evoluci\u00f3n-paro-Monteagudo-2012-2014.jpg\"><img loading=\"lazy\" decoding=\"async\" class=\"size-full wp-image-2857 alignnone\" alt=\"Evoluci\u00f3n paro Monteagudo 2012-2014\" src=\"http:\/\/monteagudo.info\/web\/wp-content\/uploads\/2014\/11\/Evoluci\u00f3n-paro-Monteagudo-2012-2014.jpg\" width=\"451\" height=\"220\" \/><\/a><\/p>\n<pre style=\"text-align: center;\">Fuente: Centro Regional de Estad\u00edstica de Murcia. Comunidad Aut\u00f3noma de Murcia<\/pre>\n","protected":false},"excerpt":{"rendered":"<p>Por sexto trimestre consecutivo, se reduce el n\u00famero de parados en el conjunto de la Pedan\u00eda de Monteagudo.<br \/>\nCon respecto al 1er trimestre de 2013, el descenso supone un 16&#8217;5%.<\/p><p><a class=\"more-link btn\" href=\"https:\/\/monteagudo.info\/web\/datos-evolucion-del-paro-en-monteagudo-durante-los-ultimos-24-meses\/\">Seguir leyendo<\/a><\/p>\n","protected":false},"author":2,"featured_media":0,"comment_status":"open","ping_status":"open","sticky":false,"template":"","format":"standard","meta":{"_jetpack_memberships_contains_paid_content":false,"footnotes":""},"categories":[1],"tags":[],"class_list":["post-2856","post","type-post","status-publish","format-standard","hentry","category-noticias","nodate","item-wrap"],"jetpack_featured_media_url":"","jetpack_sharing_enabled":true,"_links":{"self":[{"href":"https:\/\/monteagudo.info\/web\/wp-json\/wp\/v2\/posts\/2856","targetHints":{"allow":["GET"]}}],"collection":[{"href":"https:\/\/monteagudo.info\/web\/wp-json\/wp\/v2\/posts"}],"about":[{"href":"https:\/\/monteagudo.info\/web\/wp-json\/wp\/v2\/types\/post"}],"author":[{"embeddable":true,"href":"https:\/\/monteagudo.info\/web\/wp-json\/wp\/v2\/users\/2"}],"replies":[{"embeddable":true,"href":"https:\/\/monteagudo.info\/web\/wp-json\/wp\/v2\/comments?post=2856"}],"version-history":[{"count":5,"href":"https:\/\/monteagudo.info\/web\/wp-json\/wp\/v2\/posts\/2856\/revisions"}],"predecessor-version":[{"id":2862,"href":"https:\/\/monteagudo.info\/web\/wp-json\/wp\/v2\/posts\/2856\/revisions\/2862"}],"wp:attachment":[{"href":"https:\/\/monteagudo.info\/web\/wp-json\/wp\/v2\/media?parent=2856"}],"wp:term":[{"taxonomy":"category","embeddable":true,"href":"https:\/\/monteagudo.info\/web\/wp-json\/wp\/v2\/categories?post=2856"},{"taxonomy":"post_tag","embeddable":true,"href":"https:\/\/monteagudo.info\/web\/wp-json\/wp\/v2\/tags?post=2856"}],"curies":[{"name":"wp","href":"https:\/\/api.w.org\/{rel}","templated":true}]}}