{"id":2888,"date":"2014-12-16T18:15:42","date_gmt":"2014-12-16T17:15:42","guid":{"rendered":"http:\/\/www.monteagudo.info\/web\/?p=2888"},"modified":"2014-12-20T18:37:24","modified_gmt":"2014-12-20T17:37:24","slug":"belen-parroquial-de-monteagudo","status":"publish","type":"post","link":"https:\/\/monteagudo.info\/web\/belen-parroquial-de-monteagudo\/","title":{"rendered":"Bel\u00e9n Parroquial de Monteagudo"},"content":{"rendered":"<p>El s\u00e1bado, 20 de diciembre, coincidiendo con el XII aniversario de la Hermandad de San Cayetano, tras la Eucar\u00edstia de las 19h., se proceder\u00e1 a la inauguraci\u00f3n y bendici\u00f3n del Bel\u00e9n, confeccionado por la Hermanada con la colaboraci\u00f3n de la Junta Municipal de Monteagudo.<\/p>\n<p>Se obsequiar\u00e1 a los asistentes con dulces navide\u00f1os y mistela.<\/p>\n<p><strong>HORARIO DE VISITAS:<\/strong><\/p>\n<p><strong>Laborables y s\u00e1bados: de 16:30 h. a 20 h.<\/strong><\/p>\n<p><strong>Festivos: De 10 h. a 13:30 h. y de 16:30 h. a 20 h.<\/strong><\/p>\n<p>&nbsp;<\/p>\n\n\t\t<style type=\"text\/css\">\n\t\t\t#gallery-1 {\n\t\t\t\tmargin: auto;\n\t\t\t}\n\t\t\t#gallery-1 .gallery-item {\n\t\t\t\tfloat: left;\n\t\t\t\tmargin-top: 10px;\n\t\t\t\ttext-align: center;\n\t\t\t\twidth: 50%;\n\t\t\t}\n\t\t\t#gallery-1 img {\n\t\t\t\tborder: 2px solid #cfcfcf;\n\t\t\t}\n\t\t\t#gallery-1 .gallery-caption {\n\t\t\t\tmargin-left: 0;\n\t\t\t}\n\t\t\t\/* see gallery_shortcode() in wp-includes\/media.php *\/\n\t\t<\/style>\n\t\t<div id='gallery-1' class='gallery galleryid-2888 gallery-columns-2 gallery-size-thumbnail'><dl class='gallery-item'>\n\t\t\t<dt class='gallery-icon landscape'>\n\t\t\t\t<a href='https:\/\/monteagudo.info\/web\/wp-content\/uploads\/2014\/12\/20141217_230616-e1419096544505.jpg'><img loading=\"lazy\" decoding=\"async\" width=\"150\" height=\"150\" src=\"https:\/\/monteagudo.info\/web\/wp-content\/uploads\/2014\/12\/20141217_230616-150x150.jpg\" class=\"attachment-thumbnail size-thumbnail\" alt=\"\" \/><\/a>\n\t\t\t<\/dt><\/dl><dl class='gallery-item'>\n\t\t\t<dt class='gallery-icon landscape'>\n\t\t\t\t<a href='https:\/\/monteagudo.info\/web\/wp-content\/uploads\/2014\/12\/20141217_230544-e1419096568631.jpg'><img loading=\"lazy\" decoding=\"async\" width=\"150\" height=\"150\" src=\"https:\/\/monteagudo.info\/web\/wp-content\/uploads\/2014\/12\/20141217_230544-150x150.jpg\" class=\"attachment-thumbnail size-thumbnail\" alt=\"\" \/><\/a>\n\t\t\t<\/dt><\/dl><br style=\"clear: both\" \/><dl class='gallery-item'>\n\t\t\t<dt class='gallery-icon landscape'>\n\t\t\t\t<a href='https:\/\/monteagudo.info\/web\/wp-content\/uploads\/2014\/12\/20141217_230528-e1419096556784.jpg'><img loading=\"lazy\" decoding=\"async\" width=\"150\" height=\"150\" src=\"https:\/\/monteagudo.info\/web\/wp-content\/uploads\/2014\/12\/20141217_230528-150x150.jpg\" class=\"attachment-thumbnail size-thumbnail\" alt=\"\" \/><\/a>\n\t\t\t<\/dt><\/dl><dl class='gallery-item'>\n\t\t\t<dt class='gallery-icon landscape'>\n\t\t\t\t<a href='https:\/\/monteagudo.info\/web\/wp-content\/uploads\/2014\/12\/20141217_230739-e1419096517300.jpg'><img loading=\"lazy\" decoding=\"async\" width=\"150\" height=\"150\" src=\"https:\/\/monteagudo.info\/web\/wp-content\/uploads\/2014\/12\/20141217_230739-150x150.jpg\" class=\"attachment-thumbnail size-thumbnail\" alt=\"\" \/><\/a>\n\t\t\t<\/dt><\/dl><br style=\"clear: both\" \/>\n\t\t<\/div>\n\n","protected":false},"excerpt":{"rendered":"<p>El s\u00e1bado, 20 de diciembre, coincidiendo con el XII aniversario de la Hermandad de San Cayetano, tras la Eucar\u00edstia de las 19h., se proceder\u00e1 a la inauguraci\u00f3n y bendici\u00f3n del Bel\u00e9n, confeccionado por la Hermanada con la colaboraci\u00f3n de la Junta Municipal de Monteagudo.<\/p>\n<p>Se obsequiar\u00e1 a los asistentes con dulces navide\u00f1os y mistela.<\/p>\n<p>HORARIO &hellip; <\/p>\n<p><a class=\"more-link btn\" href=\"https:\/\/monteagudo.info\/web\/belen-parroquial-de-monteagudo\/\">Seguir leyendo<\/a><\/p>\n","protected":false},"author":2,"featured_media":2904,"comment_status":"open","ping_status":"open","sticky":false,"template":"","format":"standard","meta":{"_jetpack_memberships_contains_paid_content":false,"footnotes":""},"categories":[1],"tags":[],"class_list":["post-2888","post","type-post","status-publish","format-standard","has-post-thumbnail","hentry","category-noticias","nodate","item-wrap"],"jetpack_featured_media_url":"https:\/\/monteagudo.info\/web\/wp-content\/uploads\/2014\/12\/20141217_230931-1024x7681.jpg","jetpack_sharing_enabled":true,"_links":{"self":[{"href":"https:\/\/monteagudo.info\/web\/wp-json\/wp\/v2\/posts\/2888","targetHints":{"allow":["GET"]}}],"collection":[{"href":"https:\/\/monteagudo.info\/web\/wp-json\/wp\/v2\/posts"}],"about":[{"href":"https:\/\/monteagudo.info\/web\/wp-json\/wp\/v2\/types\/post"}],"author":[{"embeddable":true,"href":"https:\/\/monteagudo.info\/web\/wp-json\/wp\/v2\/users\/2"}],"replies":[{"embeddable":true,"href":"https:\/\/monteagudo.info\/web\/wp-json\/wp\/v2\/comments?post=2888"}],"version-history":[{"count":4,"href":"https:\/\/monteagudo.info\/web\/wp-json\/wp\/v2\/posts\/2888\/revisions"}],"predecessor-version":[{"id":2902,"href":"https:\/\/monteagudo.info\/web\/wp-json\/wp\/v2\/posts\/2888\/revisions\/2902"}],"wp:featuredmedia":[{"embeddable":true,"href":"https:\/\/monteagudo.info\/web\/wp-json\/wp\/v2\/media\/2904"}],"wp:attachment":[{"href":"https:\/\/monteagudo.info\/web\/wp-json\/wp\/v2\/media?parent=2888"}],"wp:term":[{"taxonomy":"category","embeddable":true,"href":"https:\/\/monteagudo.info\/web\/wp-json\/wp\/v2\/categories?post=2888"},{"taxonomy":"post_tag","embeddable":true,"href":"https:\/\/monteagudo.info\/web\/wp-json\/wp\/v2\/tags?post=2888"}],"curies":[{"name":"wp","href":"https:\/\/api.w.org\/{rel}","templated":true}]}}