{"id":473,"date":"2012-05-25T10:38:50","date_gmt":"2012-05-25T08:38:50","guid":{"rendered":"http:\/\/www.monteagudo.info\/web\/?p=473"},"modified":"2012-05-25T11:21:22","modified_gmt":"2012-05-25T09:21:22","slug":"la-coral-n-s-de-la-antigua-de-monteagudo-participa-en-el-certamen-de-aguilas","status":"publish","type":"post","link":"https:\/\/monteagudo.info\/web\/la-coral-n-s-de-la-antigua-de-monteagudo-participa-en-el-certamen-de-aguilas\/","title":{"rendered":"La Coral, N.S. de la Antigua de Monteagudo, participa en el Certamen de \u00c1guilas"},"content":{"rendered":"<h3>CERT\u00c1MEN DE MASAS CORALES EN AGUILAS<\/h3>\n<div>\u00a0<\/div>\n<div><strong>El pr\u00f3ximo s\u00e1bado dia 26 de mayo,\u00a0 a las 10:30h. se\u00a0celebrar\u00e1 en el Auditorio Infanta Do\u00f1a Elena de Aguilas el XIV Cert\u00e1men de Masas Corales de Asociaciones de Amas de Casa y Consumidores de la Regi\u00f3n de Murcia, patrocinado por THADERCONSUMO.<\/strong><\/div>\n<div><strong><\/strong>\u00a0<\/div>\n<div><strong>Adem\u00e1s de la <strong>CORAL \u201cN\u00aa. SRA. DE LA ANTIGUA\u201d de <\/strong>Monteagudo, participar\u00e1n las siguientes corales:<\/strong><\/div>\n<p><strong>CORAL \u201cHARMON\u00cdA\u201d.<\/strong>\u00a0(Cartagena)<br \/>\n<strong>AGRUPACI\u00d3N CORAL \u201cNUESTRA SE\u00d1ORA DE LA ASUNCI\u00d3N\u201d. <\/strong>(Los Alc\u00e1zares)<br \/>\n<strong>CORAL \u201cSANTA CECILIA\u201d. <\/strong>(Lorca)<br \/>\n<strong>CORAL \u201cVIRGEN DE LOS DOLORES\u201d.<\/strong> (\u00c1guilas.)<br \/>\n<strong>CORAL \u201cSTELLA MARIS BJ\u00d6RK\u201d.<\/strong> (San Javier)<br \/>\n<strong>CORAL \u201cVIRGEN DEL ROSARIO\u201d.<\/strong> (Cuevas de Reyllo)<br \/>\n<strong>CORAL \u201cSANTIAGO APOSTOL\u201d.<\/strong> (Santiago de la Ribera.)<br \/>\n<strong>CORAL \u201cVIRGEN DE LA SALUD\u201d.<\/strong> (Alcantarilla)<\/p>\n<p><strong>Despu\u00e9s de las actuaciones y entrega de recuerdos,\u00a0 las corales celebr\u00e1n una comida de hermandad.<\/strong><\/p>\n<p><a href=\"http:\/\/monteagudo.info\/web\/wp-content\/uploads\/2012\/05\/Coral_NS_Antigua_Monteagudo.jpg\"><img loading=\"lazy\" decoding=\"async\" class=\"aligncenter size-large wp-image-480\" title=\"Coral_NS_Antigua_Monteagudo\" src=\"http:\/\/monteagudo.info\/web\/wp-content\/uploads\/2012\/05\/Coral_NS_Antigua_Monteagudo-1024x768.jpg\" alt=\"\" width=\"440\" height=\"330\" srcset=\"https:\/\/monteagudo.info\/web\/wp-content\/uploads\/2012\/05\/Coral_NS_Antigua_Monteagudo-1024x768.jpg 1024w, https:\/\/monteagudo.info\/web\/wp-content\/uploads\/2012\/05\/Coral_NS_Antigua_Monteagudo-300x225.jpg 300w, https:\/\/monteagudo.info\/web\/wp-content\/uploads\/2012\/05\/Coral_NS_Antigua_Monteagudo.jpg 1600w\" sizes=\"auto, (max-width: 440px) 100vw, 440px\" \/><\/a><\/p>\n","protected":false},"excerpt":{"rendered":"<p>CERT\u00c1MEN DE MASAS CORALES EN AGUILAS \u00a0 El pr\u00f3ximo s\u00e1bado dia 26 de mayo,\u00a0 a las 10:30h. se\u00a0celebrar\u00e1 en el Auditorio Infanta Do\u00f1a Elena de Aguilas el XIV Cert\u00e1men de Masas Corales de Asociaciones de Amas de Casa y Consumidores de la Regi\u00f3n de Murcia, patrocinado por THADERCONSUMO. \u00a0 Adem\u00e1s de la CORAL \u201cN\u00aa. SRA. &hellip; <\/p>\n<p><a class=\"more-link btn\" href=\"https:\/\/monteagudo.info\/web\/la-coral-n-s-de-la-antigua-de-monteagudo-participa-en-el-certamen-de-aguilas\/\">Seguir leyendo<\/a><\/p>\n","protected":false},"author":2,"featured_media":0,"comment_status":"open","ping_status":"open","sticky":false,"template":"","format":"standard","meta":{"_jetpack_memberships_contains_paid_content":false,"footnotes":""},"categories":[1],"tags":[],"class_list":["post-473","post","type-post","status-publish","format-standard","hentry","category-noticias","nodate","item-wrap"],"jetpack_featured_media_url":"","jetpack_sharing_enabled":true,"_links":{"self":[{"href":"https:\/\/monteagudo.info\/web\/wp-json\/wp\/v2\/posts\/473","targetHints":{"allow":["GET"]}}],"collection":[{"href":"https:\/\/monteagudo.info\/web\/wp-json\/wp\/v2\/posts"}],"about":[{"href":"https:\/\/monteagudo.info\/web\/wp-json\/wp\/v2\/types\/post"}],"author":[{"embeddable":true,"href":"https:\/\/monteagudo.info\/web\/wp-json\/wp\/v2\/users\/2"}],"replies":[{"embeddable":true,"href":"https:\/\/monteagudo.info\/web\/wp-json\/wp\/v2\/comments?post=473"}],"version-history":[{"count":8,"href":"https:\/\/monteagudo.info\/web\/wp-json\/wp\/v2\/posts\/473\/revisions"}],"predecessor-version":[{"id":479,"href":"https:\/\/monteagudo.info\/web\/wp-json\/wp\/v2\/posts\/473\/revisions\/479"}],"wp:attachment":[{"href":"https:\/\/monteagudo.info\/web\/wp-json\/wp\/v2\/media?parent=473"}],"wp:term":[{"taxonomy":"category","embeddable":true,"href":"https:\/\/monteagudo.info\/web\/wp-json\/wp\/v2\/categories?post=473"},{"taxonomy":"post_tag","embeddable":true,"href":"https:\/\/monteagudo.info\/web\/wp-json\/wp\/v2\/tags?post=473"}],"curies":[{"name":"wp","href":"https:\/\/api.w.org\/{rel}","templated":true}]}}