{"id":5005,"date":"2022-03-01T22:11:44","date_gmt":"2022-03-01T21:11:44","guid":{"rendered":"http:\/\/www.monteagudo.info\/web\/?p=5005"},"modified":"2022-03-01T22:12:59","modified_gmt":"2022-03-01T21:12:59","slug":"el-colegio-ntra-sra-de-la-antigua-de-monteagudo-participa-en-un-proyecto-erasmus","status":"publish","type":"post","link":"https:\/\/monteagudo.info\/web\/el-colegio-ntra-sra-de-la-antigua-de-monteagudo-participa-en-un-proyecto-erasmus\/","title":{"rendered":"El colegio Ntra. Sra. de la Antigua de Monteagudo participa en un proyecto Erasmus+"},"content":{"rendered":"<p class=\"selectionShareable\"><a href=\"https:\/\/monteagudo.info\/web\/wp-content\/uploads\/2022\/03\/0CA75B5D-1D07-4F83-83AF-29D95F5A7DC2.jpeg\"><img loading=\"lazy\" decoding=\"async\" class=\"aligncenter wp-image-5006 size-full\" src=\"https:\/\/monteagudo.info\/web\/wp-content\/uploads\/2022\/03\/0CA75B5D-1D07-4F83-83AF-29D95F5A7DC2.jpeg\" alt=\"\" width=\"640\" height=\"359\" srcset=\"https:\/\/monteagudo.info\/web\/wp-content\/uploads\/2022\/03\/0CA75B5D-1D07-4F83-83AF-29D95F5A7DC2.jpeg 640w, https:\/\/monteagudo.info\/web\/wp-content\/uploads\/2022\/03\/0CA75B5D-1D07-4F83-83AF-29D95F5A7DC2-300x168.jpeg 300w, https:\/\/monteagudo.info\/web\/wp-content\/uploads\/2022\/03\/0CA75B5D-1D07-4F83-83AF-29D95F5A7DC2-555x311.jpeg 555w\" sizes=\"auto, (max-width: 640px) 100vw, 640px\" \/><\/a><br \/>\nLos vestigios de la \u00e9poca de esplendor del mundo \u00e1rabe en la actual Regi\u00f3n de Murcia siguen vivos y salen a la luz de vez en cuando para poner en valor nuestro patrimonio hist\u00f3rico. La <strong>figura del Rey Lobo ha resurgido con fuerza en el municipio murciano de Monteagudo<\/strong>, de la mano de los alumnos del <strong>CEIP Nuestra Se\u00f1ora de la Antigua<\/strong>con un proyecto de Erasmus Plus.<\/p>\n<p class=\"selectionShareable\">Preguntar qu\u00e9 tienen en com\u00fan Turqu\u00eda y Monteagudo puede parecer la t\u00edpica pregunta de un maestro para fastidiar a su alumnado. Pero la respuesta, no obstante, es sencilla: la<strong>\u00a0gran variedad cultural e hist\u00f3rica<\/strong> y el inter\u00e9s de unos docentes con ganas de intercambiar conocimientos y experiencias.<\/p>\n<p class=\"selectionShareable\" dir=\"ltr\">El colegio de Monteagudo quiere internacionalizarse. Su uni\u00f3n a un colegio turco y el proyecto Erasmus+ titulado \u00ab<strong>Fomento de la inclusi\u00f3n a trav\u00e9s del conocimiento de la historia\u00bb<\/strong>, permitir\u00e1 a los alumnos del colegio monteagude\u00f1o conocer a personajes hist\u00f3ricos, a la vez que le dan voz al patrimonio del municipio. Los alumnos de 5\u00ba y 6\u00ba de Educaci\u00f3n Primaria viajar\u00e1n en mayo de este a\u00f1o a Turqu\u00eda junto a varios de sus maestros.<\/p>\n<p class=\"selectionShareable\" dir=\"ltr\"><strong>Ibn Mardanis<\/strong>, m\u00e1s conocido como el Rey Lobo por su astucia, convirti\u00f3 a Murcia en capital de un reino cuyo territorio domin\u00f3 el sureste peninsular de Cuenca a Almer\u00eda durante los segundos reinos de taifas. El castillejo de Monteagudo fue el escenario principal de la sofisticaci\u00f3n y el lujo en el reinado de Ibn Mardanis. El Rey Lobo hizo levantar dicho edificio en plena huerta murciana, como finca de recreo y lugar de recepci\u00f3n de los emisarios extranjeros. Por \u00e9l pasaban dignatarios y comerciantes, pero tambi\u00e9n poetas, m\u00fasicos y artistas.<\/p>\n<p class=\"selectionShareable\" dir=\"ltr\">Pero los artistas podr\u00edamos decir que son los alumnos del colegio. Su entusiasmo por la historia de su pueblo y por el proyecto Erasmus+ los ha llevado a realizar carteles, como por ejemplo, para la pasada Fiesta del Oto\u00f1o. Aunque no solo est\u00e1n haciendo p\u00f3sters, son varias las <strong>actividades\u00a0<\/strong>que se est\u00e1n llevando a cabo durante todo el curso. De este modo, el Rey Lobo se pone al d\u00eda, ya que los alumnos est\u00e1n publicando sesiones de podcast sobre esta tem\u00e1tica en el <strong>programa de Radio Tisanuro<\/strong> del colegio.<\/p>\n<p class=\"selectionShareable\" dir=\"ltr\">Varios siglos despu\u00e9s de su paso por Murcia, poco pod\u00eda imaginar Ibn Mardanis que volver\u00eda a ser protagonista junto a la almunia espectacular de la \u00e9poca que est\u00e1 saliendo a la luz en el pueblo de Monteagudo. Casi 900 a\u00f1os despu\u00e9s, el Rey Lobo regresa con fuerza a nuestra regi\u00f3n gracias a los alumnos del colegio de Nuestra Se\u00f1ora de la Antigua de Monteagudo.<\/p>\n<p dir=\"ltr\">\n<p dir=\"ltr\">Fuente:\u00a0<a href=\"https:\/\/murciaplaza.com\/la-figura-del-rey-lobo-resurge-que-tienen-en-comun-turquia-y-monteagudo\">https:\/\/murciaplaza.com\/la-figura-del-rey-lobo-resurge-que-tienen-en-comun-turquia-y-monteagudo<\/a><\/p>\n","protected":false},"excerpt":{"rendered":"<p class=\"selectionShareable\"> Los vestigios de la \u00e9poca de esplendor del mundo \u00e1rabe en la actual Regi\u00f3n de Murcia siguen vivos y salen a la luz de vez en cuando para poner en valor nuestro patrimonio hist\u00f3rico. La figura del Rey Lobo ha resurgido con fuerza en el municipio murciano de Monteagudo, de la mano &hellip; <\/p>\n<p><a class=\"more-link btn\" href=\"https:\/\/monteagudo.info\/web\/el-colegio-ntra-sra-de-la-antigua-de-monteagudo-participa-en-un-proyecto-erasmus\/\">Seguir leyendo<\/a><\/p>\n","protected":false},"author":2,"featured_media":5006,"comment_status":"open","ping_status":"open","sticky":false,"template":"","format":"standard","meta":{"_jetpack_memberships_contains_paid_content":false,"footnotes":""},"categories":[1],"tags":[168,91,159],"class_list":["post-5005","post","type-post","status-publish","format-standard","has-post-thumbnail","hentry","category-noticias","tag-colegio","tag-historia","tag-reylobo","nodate","item-wrap"],"jetpack_featured_media_url":"https:\/\/monteagudo.info\/web\/wp-content\/uploads\/2022\/03\/0CA75B5D-1D07-4F83-83AF-29D95F5A7DC2.jpeg","jetpack_sharing_enabled":true,"_links":{"self":[{"href":"https:\/\/monteagudo.info\/web\/wp-json\/wp\/v2\/posts\/5005","targetHints":{"allow":["GET"]}}],"collection":[{"href":"https:\/\/monteagudo.info\/web\/wp-json\/wp\/v2\/posts"}],"about":[{"href":"https:\/\/monteagudo.info\/web\/wp-json\/wp\/v2\/types\/post"}],"author":[{"embeddable":true,"href":"https:\/\/monteagudo.info\/web\/wp-json\/wp\/v2\/users\/2"}],"replies":[{"embeddable":true,"href":"https:\/\/monteagudo.info\/web\/wp-json\/wp\/v2\/comments?post=5005"}],"version-history":[{"count":3,"href":"https:\/\/monteagudo.info\/web\/wp-json\/wp\/v2\/posts\/5005\/revisions"}],"predecessor-version":[{"id":5009,"href":"https:\/\/monteagudo.info\/web\/wp-json\/wp\/v2\/posts\/5005\/revisions\/5009"}],"wp:featuredmedia":[{"embeddable":true,"href":"https:\/\/monteagudo.info\/web\/wp-json\/wp\/v2\/media\/5006"}],"wp:attachment":[{"href":"https:\/\/monteagudo.info\/web\/wp-json\/wp\/v2\/media?parent=5005"}],"wp:term":[{"taxonomy":"category","embeddable":true,"href":"https:\/\/monteagudo.info\/web\/wp-json\/wp\/v2\/categories?post=5005"},{"taxonomy":"post_tag","embeddable":true,"href":"https:\/\/monteagudo.info\/web\/wp-json\/wp\/v2\/tags?post=5005"}],"curies":[{"name":"wp","href":"https:\/\/api.w.org\/{rel}","templated":true}]}}