{"id":5011,"date":"2022-03-19T18:37:57","date_gmt":"2022-03-19T17:37:57","guid":{"rendered":"http:\/\/www.monteagudo.info\/web\/?p=5011"},"modified":"2022-05-06T13:03:54","modified_gmt":"2022-05-06T11:03:54","slug":"semana-cultural-2022-felicidad-y-prosperidad","status":"publish","type":"post","link":"https:\/\/monteagudo.info\/web\/semana-cultural-2022-felicidad-y-prosperidad\/","title":{"rendered":"Semana Cultural: \u00abFelicidad y Prosperidad, Legado de ibn Mardanis\u00bb"},"content":{"rendered":"<p style=\"text-align: justify;\"><img loading=\"lazy\" decoding=\"async\" class=\"size-large wp-image-5035 aligncenter\" src=\"https:\/\/monteagudo.info\/web\/wp-content\/uploads\/2022\/03\/Felicidad-y-prosperidad-apaisado-3-scaled-e1647710688732-1024x455.jpg\" alt=\"\" width=\"555\" height=\"247\" \/>La Junta Municipal de Monteagudo, como conmemoraci\u00f3n de la vida y legado de ibn Mardanis, con la participaci\u00f3n con el equipo docente de los centros escolares de Monteagudo, La Cueva y Las Lumbreras, ha dise\u00f1ado un programa de actividades para que, desde un enfoque pr\u00e1ctico, los alumnos de estos centros conozcan la historia de ibn Mardanis y el patrimonio que nos dej\u00f3 en el lugar que habitan.<\/p>\n<p style=\"text-align: justify;\">El objetivo adem\u00e1s, es que sirvan como vector de difusi\u00f3n y generar en ellos un sentimiento de respeto hacia el patrimonio. Comprende actividades para los diferentes niveles educativos. y como complemento, se van a ofertar actividades gratuitas en fin de semana para toda la familia.<\/p>\n<p style=\"text-align: left;\"><strong>Actividades en colegios<\/strong><\/p>\n<p style=\"text-align: justify;\">Durante las semanas previas y hasta la propia semana cultural, los alumnos estar\u00e1n realizando trabajos y manualidades sobre la \u00e9poca mardanis\u00ed; cer\u00e1mica, arcilla, pintura, dibujo con la que recrear\u00e1n candiles, yeser\u00edas, moc\u00e1rabes y otros elementos caracter\u00edsticos de esta \u00e9poca. Con todos los trabajos realizados se realizar\u00e1 una exposici\u00f3n en el Centro de Visitantes de San Cayetano que se podr\u00e1 visitar del 29 de marzo al 24 de abril. Adem\u00e1s durante la semana cultural se realizar\u00e1n actividades en los colegios destacando, <em>una muestra de instrumentos medievales, una ruta did\u00e1ctica y la visita del emir ibn Mardanis a los tres colegios.<\/em><\/p>\n<p><strong>Actividades para toda la familia<\/strong><\/p>\n<p style=\"text-align: justify;\">Complementariamente se van a ofertar actividades en fin de semana para todos los p\u00fablicos; jornada de concienciaci\u00f3n ambiental, salida fotogr\u00e1fica, presentaci\u00f3n de la novela \u00abEl Pintor del Rey Lobo\u00bb y ruta de autor y una salida senderista por los dominios del Rey Lobo. Adem\u00e1s, desde el 25 de marzo al 29 de abril se podr\u00e1 visitar en el Centro Cultural de Monteagudo la exposici\u00f3n \u00abRincones\u00bb, de la artista local Almudena Hern\u00e1ndez.<\/p>\n<p><strong>Programa completo<\/strong><\/p>\n<p>La semana cultural \u00abFelicidad y Prosperidad\u00bb es una iniciativa de la Junta Municipal de Monteagudo.<a href=\"https:\/\/monteagudo.info\/web\/wp-content\/uploads\/2022\/03\/Felicidad-y-prosperidad-2022programa-scaled.jpg\"><br \/>\n<\/a><\/p>\n<p>Todas las actividades son gratuitas. Las marcadas (*) tienen plazas limitadas y requieren inscripci\u00f3n.\u00a0 Haz clic en la que desees ampliar informaci\u00f3n y\/o realizar la inscripci\u00f3n.<\/p>\n<p><a href=\"https:\/\/monteagudo.info\/web\/wp-content\/uploads\/2022\/03\/Felicidad-y-prosperidad-apaisado-2.jpg\"><img loading=\"lazy\" decoding=\"async\" class=\"aligncenter wp-image-5039 size-large\" src=\"https:\/\/monteagudo.info\/web\/wp-content\/uploads\/2022\/03\/Felicidad-y-prosperidad-apaisado-2-1024x724.jpg\" alt=\"\" width=\"555\" height=\"392\" srcset=\"https:\/\/monteagudo.info\/web\/wp-content\/uploads\/2022\/03\/Felicidad-y-prosperidad-apaisado-2-1024x724.jpg 1024w, https:\/\/monteagudo.info\/web\/wp-content\/uploads\/2022\/03\/Felicidad-y-prosperidad-apaisado-2-300x212.jpg 300w, https:\/\/monteagudo.info\/web\/wp-content\/uploads\/2022\/03\/Felicidad-y-prosperidad-apaisado-2-768x543.jpg 768w, https:\/\/monteagudo.info\/web\/wp-content\/uploads\/2022\/03\/Felicidad-y-prosperidad-apaisado-2-1536x1086.jpg 1536w, https:\/\/monteagudo.info\/web\/wp-content\/uploads\/2022\/03\/Felicidad-y-prosperidad-apaisado-2-555x393.jpg 555w, https:\/\/monteagudo.info\/web\/wp-content\/uploads\/2022\/03\/Felicidad-y-prosperidad-apaisado-2.jpg 1920w\" sizes=\"auto, (max-width: 555px) 100vw, 555px\" \/><\/a><\/p>\n","protected":false},"excerpt":{"rendered":"<p style=\"text-align: justify;\">La Junta Municipal de Monteagudo, como conmemoraci\u00f3n de la vida y legado de ibn Mardanis, con la participaci\u00f3n con el equipo docente de los centros escolares de Monteagudo, La Cueva y Las Lumbreras, ha dise\u00f1ado un programa de actividades para que, desde un enfoque pr\u00e1ctico, los alumnos de estos centros conozcan la historia &hellip; <\/p>\n<p><a class=\"more-link btn\" href=\"https:\/\/monteagudo.info\/web\/semana-cultural-2022-felicidad-y-prosperidad\/\">Seguir leyendo<\/a><\/p>\n","protected":false},"author":2,"featured_media":5035,"comment_status":"open","ping_status":"open","sticky":false,"template":"","format":"standard","meta":{"_jetpack_memberships_contains_paid_content":false,"footnotes":""},"categories":[1],"tags":[100,169,146],"class_list":["post-5011","post","type-post","status-publish","format-standard","has-post-thumbnail","hentry","category-noticias","tag-cultura","tag-origen","tag-patrimonio","nodate","item-wrap"],"jetpack_featured_media_url":"https:\/\/monteagudo.info\/web\/wp-content\/uploads\/2022\/03\/Felicidad-y-prosperidad-apaisado-3-scaled-e1647710701572.jpg","jetpack_sharing_enabled":true,"_links":{"self":[{"href":"https:\/\/monteagudo.info\/web\/wp-json\/wp\/v2\/posts\/5011","targetHints":{"allow":["GET"]}}],"collection":[{"href":"https:\/\/monteagudo.info\/web\/wp-json\/wp\/v2\/posts"}],"about":[{"href":"https:\/\/monteagudo.info\/web\/wp-json\/wp\/v2\/types\/post"}],"author":[{"embeddable":true,"href":"https:\/\/monteagudo.info\/web\/wp-json\/wp\/v2\/users\/2"}],"replies":[{"embeddable":true,"href":"https:\/\/monteagudo.info\/web\/wp-json\/wp\/v2\/comments?post=5011"}],"version-history":[{"count":24,"href":"https:\/\/monteagudo.info\/web\/wp-json\/wp\/v2\/posts\/5011\/revisions"}],"predecessor-version":[{"id":5105,"href":"https:\/\/monteagudo.info\/web\/wp-json\/wp\/v2\/posts\/5011\/revisions\/5105"}],"wp:featuredmedia":[{"embeddable":true,"href":"https:\/\/monteagudo.info\/web\/wp-json\/wp\/v2\/media\/5035"}],"wp:attachment":[{"href":"https:\/\/monteagudo.info\/web\/wp-json\/wp\/v2\/media?parent=5011"}],"wp:term":[{"taxonomy":"category","embeddable":true,"href":"https:\/\/monteagudo.info\/web\/wp-json\/wp\/v2\/categories?post=5011"},{"taxonomy":"post_tag","embeddable":true,"href":"https:\/\/monteagudo.info\/web\/wp-json\/wp\/v2\/tags?post=5011"}],"curies":[{"name":"wp","href":"https:\/\/api.w.org\/{rel}","templated":true}]}}