{"id":5071,"date":"2022-03-25T17:04:13","date_gmt":"2022-03-25T16:04:13","guid":{"rendered":"http:\/\/www.monteagudo.info\/web\/?p=5071"},"modified":"2022-04-12T17:07:32","modified_gmt":"2022-04-12T15:07:32","slug":"semana-santa-de-monteagudo-2022","status":"publish","type":"post","link":"https:\/\/monteagudo.info\/web\/semana-santa-de-monteagudo-2022\/","title":{"rendered":"Semana Santa de Monteagudo 2022"},"content":{"rendered":"<p><a href=\"https:\/\/monteagudo.info\/web\/wp-content\/uploads\/2022\/04\/277675647_343921081110037_179013418588722476_n.jpeg\"><img loading=\"lazy\" decoding=\"async\" class=\"aligncenter wp-image-5072 size-large\" src=\"https:\/\/monteagudo.info\/web\/wp-content\/uploads\/2022\/04\/277675647_343921081110037_179013418588722476_n-1024x570.jpeg\" alt=\"\" width=\"555\" height=\"309\" srcset=\"https:\/\/monteagudo.info\/web\/wp-content\/uploads\/2022\/04\/277675647_343921081110037_179013418588722476_n-1024x570.jpeg 1024w, https:\/\/monteagudo.info\/web\/wp-content\/uploads\/2022\/04\/277675647_343921081110037_179013418588722476_n-300x167.jpeg 300w, https:\/\/monteagudo.info\/web\/wp-content\/uploads\/2022\/04\/277675647_343921081110037_179013418588722476_n-768x427.jpeg 768w, https:\/\/monteagudo.info\/web\/wp-content\/uploads\/2022\/04\/277675647_343921081110037_179013418588722476_n-1536x854.jpeg 1536w, https:\/\/monteagudo.info\/web\/wp-content\/uploads\/2022\/04\/277675647_343921081110037_179013418588722476_n-555x309.jpeg 555w, https:\/\/monteagudo.info\/web\/wp-content\/uploads\/2022\/04\/277675647_343921081110037_179013418588722476_n.jpeg 2048w\" sizes=\"auto, (max-width: 555px) 100vw, 555px\" \/><\/a>Tras dos a\u00f1os de par\u00f3n, obligados por la pandemia, este 2022, vuelven los actos con motivo de la Semana Santa, devolvi\u00e9ndonos una de nuestras tradiciones con m\u00e1s arraigo.<\/p>\n<p style=\"text-align: justify;\">El 26 de marzo se celebrar\u00e1 el preg\u00f3n, que servir\u00e1 como pistoletazo de salida a los actos con motivo de tan solemne motivo que se desarrollar\u00e1 del 8 al 17 de abril.<\/p>\n<p style=\"text-align: justify;\">El preg\u00f3n este a\u00f1o lo dar\u00e1 D. Francisco Nortes Tornel y se revelar\u00e1 el cartel a cargo una vez m\u00e1s de nuestro vecino, Evan Guill\u00e9n.<\/p>\n<p>Como actos destacados de la Semana Santa reflejamos la solemne procesi\u00f3n de Jueves Santo (14 de abril), la noche de las linternas (1 de abril) y la procesi\u00f3n de domingo de Ramos (10 de abril).<\/p>\n<p><strong>Programa Destacado:<\/strong><\/p>\n<ul>\n<li>26 de marzo &#8211; Preg\u00f3n<\/li>\n<li>1 de abril &#8211; V\u00eda Crucis, procesi\u00f3n infantil y noche de las linternas.<\/li>\n<li>8 de abril &#8211; Procesi\u00f3n de Viernes de Dolores<\/li>\n<li>10 de abril &#8211; Domingo de Ramos. Bendici\u00f3n de las Palmas y Procesi\u00f3n<\/li>\n<li>14 de abril &#8211; Procesi\u00f3n de Jueves Santo<\/li>\n<\/ul>\n<p>&nbsp;<\/p>\n","protected":false},"excerpt":{"rendered":"<p>Tras dos a\u00f1os de par\u00f3n, obligados por la pandemia, este 2022, vuelven los actos con motivo de la Semana Santa, devolvi\u00e9ndonos una de nuestras tradiciones con m\u00e1s arraigo.<\/p>\n<p style=\"text-align: justify;\">El 26 de marzo se celebrar\u00e1 el preg\u00f3n, que servir\u00e1 como pistoletazo de salida a los actos con motivo de tan solemne motivo que se &hellip; <\/p>\n<p><a class=\"more-link btn\" href=\"https:\/\/monteagudo.info\/web\/semana-santa-de-monteagudo-2022\/\">Seguir leyendo<\/a><\/p>\n","protected":false},"author":2,"featured_media":5072,"comment_status":"open","ping_status":"open","sticky":false,"template":"","format":"standard","meta":{"_jetpack_memberships_contains_paid_content":false,"footnotes":""},"categories":[1],"tags":[172],"class_list":["post-5071","post","type-post","status-publish","format-standard","has-post-thumbnail","hentry","category-noticias","tag-semana-santa","nodate","item-wrap"],"jetpack_featured_media_url":"https:\/\/monteagudo.info\/web\/wp-content\/uploads\/2022\/04\/277675647_343921081110037_179013418588722476_n.jpeg","jetpack_sharing_enabled":true,"_links":{"self":[{"href":"https:\/\/monteagudo.info\/web\/wp-json\/wp\/v2\/posts\/5071","targetHints":{"allow":["GET"]}}],"collection":[{"href":"https:\/\/monteagudo.info\/web\/wp-json\/wp\/v2\/posts"}],"about":[{"href":"https:\/\/monteagudo.info\/web\/wp-json\/wp\/v2\/types\/post"}],"author":[{"embeddable":true,"href":"https:\/\/monteagudo.info\/web\/wp-json\/wp\/v2\/users\/2"}],"replies":[{"embeddable":true,"href":"https:\/\/monteagudo.info\/web\/wp-json\/wp\/v2\/comments?post=5071"}],"version-history":[{"count":2,"href":"https:\/\/monteagudo.info\/web\/wp-json\/wp\/v2\/posts\/5071\/revisions"}],"predecessor-version":[{"id":5074,"href":"https:\/\/monteagudo.info\/web\/wp-json\/wp\/v2\/posts\/5071\/revisions\/5074"}],"wp:featuredmedia":[{"embeddable":true,"href":"https:\/\/monteagudo.info\/web\/wp-json\/wp\/v2\/media\/5072"}],"wp:attachment":[{"href":"https:\/\/monteagudo.info\/web\/wp-json\/wp\/v2\/media?parent=5071"}],"wp:term":[{"taxonomy":"category","embeddable":true,"href":"https:\/\/monteagudo.info\/web\/wp-json\/wp\/v2\/categories?post=5071"},{"taxonomy":"post_tag","embeddable":true,"href":"https:\/\/monteagudo.info\/web\/wp-json\/wp\/v2\/tags?post=5071"}],"curies":[{"name":"wp","href":"https:\/\/api.w.org\/{rel}","templated":true}]}}