{"id":5106,"date":"2022-05-06T13:42:44","date_gmt":"2022-05-06T11:42:44","guid":{"rendered":"http:\/\/www.monteagudo.info\/web\/?p=5106"},"modified":"2022-05-11T15:20:17","modified_gmt":"2022-05-11T13:20:17","slug":"jornadasgastronomia","status":"publish","type":"post","link":"https:\/\/monteagudo.info\/web\/jornadasgastronomia\/","title":{"rendered":"El Yantar de los Tiempos. I Jornadas de Gastronom\u00eda e Historia en Monteagudo."},"content":{"rendered":"<p><a href=\"https:\/\/monteagudo.info\/web\/wp-content\/uploads\/2022\/05\/Jornadas-de-Gastronomia-e-Historia-banner.jpg\"><img loading=\"lazy\" decoding=\"async\" class=\"aligncenter size-large wp-image-5119\" src=\"https:\/\/monteagudo.info\/web\/wp-content\/uploads\/2022\/05\/Jornadas-de-Gastronomia-e-Historia-banner-1024x531.jpg\" alt=\"\" width=\"555\" height=\"288\" \/><\/a><\/p>\n<p style=\"text-align: justify;\">Presentamos las <strong>I Jornadas de Gastronom\u00eda e Historia<\/strong> en Monteagudo. La Junta Municipal de Monteagudo ha dise\u00f1ado un programa de actividades para que, desde un enfoque historicista, los participantes conozcan los or\u00edgenes de la tradicional cocina mediterr\u00e1nea que tanto arraigo tiene entre nosotros.<\/p>\n<p style=\"text-align: justify;\">Con actividades de divulgaci\u00f3n ahondaremos de una manera amena en el conocimiento de nuestra gastronom\u00eda; cuando se introducen alimentos y recetas, porqu\u00e9 se com\u00edan unos alimentos u otros, como era el cultivo y agricultura y como han llegado hasta nuestros d\u00edas, formando parte de nuestra gastronom\u00eda.<\/p>\n<p style=\"text-align: justify;\">Como hilo conductor se ha creado una <strong>ruta de la tapa<\/strong>, en la que los diferentes bares que participan, elaborar\u00e1n una tapa (siguiendo las indicaciones de Natividad Aznar, comisaria de las jornadas) cuyo origen sea una receta de una \u00e9poca pasada, sea ib\u00e9rica, romana, andalus\u00ed o cristiana bajo medieval. Se podr\u00e1 degustar del 13 al 22 de mayo.<\/p>\n<p>Rutas did\u00e1cticas, ponencia sobre gastronom\u00eda hist\u00f3rica, presentaci\u00f3n del recetario de ibn Raz\u00edn, jornada de concienciaci\u00f3n ambiental y senderismo de huerta completan un programa que pretende conectar nuestra cocina actual con su origen.<\/p>\n<p><strong>Programa completo<\/strong><\/p>\n<p>Las Jornadas de Gastronom\u00eda e Historia son una iniciativa de la Junta Municipal de Monteagudo.<a href=\"https:\/\/monteagudo.info\/web\/wp-content\/uploads\/2022\/03\/Felicidad-y-prosperidad-2022programa-scaled.jpg\"><br \/>\n<\/a><\/p>\n<p>Todas las actividades son gratuitas (excepto \u00abEl Yantar de los tiempos\u00bb). Las marcadas (*) tienen plazas limitadas y requieren inscripci\u00f3n.\u00a0 Haz clic en la que desees ampliar informaci\u00f3n y\/o realizar la inscripci\u00f3n.<\/p>\n<p>[events_list tag=\u00bb173&#8243;]<\/p>\n<p><a href=\"https:\/\/monteagudo.info\/web\/wp-content\/uploads\/2022\/05\/Jornadas-de-Gastronomia-e-Historia-programa-1.jpg\"><img loading=\"lazy\" decoding=\"async\" class=\"aligncenter size-large wp-image-5134\" src=\"https:\/\/monteagudo.info\/web\/wp-content\/uploads\/2022\/05\/Jornadas-de-Gastronomia-e-Historia-programa-1-1024x597.jpg\" alt=\"\" width=\"555\" height=\"324\" srcset=\"https:\/\/monteagudo.info\/web\/wp-content\/uploads\/2022\/05\/Jornadas-de-Gastronomia-e-Historia-programa-1-1024x597.jpg 1024w, https:\/\/monteagudo.info\/web\/wp-content\/uploads\/2022\/05\/Jornadas-de-Gastronomia-e-Historia-programa-1-300x175.jpg 300w, https:\/\/monteagudo.info\/web\/wp-content\/uploads\/2022\/05\/Jornadas-de-Gastronomia-e-Historia-programa-1-768x448.jpg 768w, https:\/\/monteagudo.info\/web\/wp-content\/uploads\/2022\/05\/Jornadas-de-Gastronomia-e-Historia-programa-1-1536x895.jpg 1536w, https:\/\/monteagudo.info\/web\/wp-content\/uploads\/2022\/05\/Jornadas-de-Gastronomia-e-Historia-programa-1-555x323.jpg 555w, https:\/\/monteagudo.info\/web\/wp-content\/uploads\/2022\/05\/Jornadas-de-Gastronomia-e-Historia-programa-1.jpg 1920w\" sizes=\"auto, (max-width: 555px) 100vw, 555px\" \/><\/a><\/p>\n","protected":false},"excerpt":{"rendered":"<\/p>\n<p style=\"text-align: justify;\">Presentamos las I Jornadas de Gastronom\u00eda e Historia en Monteagudo. La Junta Municipal de Monteagudo ha dise\u00f1ado un programa de actividades para que, desde un enfoque historicista, los participantes conozcan los or\u00edgenes de la tradicional cocina mediterr\u00e1nea que tanto arraigo tiene entre nosotros.<\/p>\n<p style=\"text-align: justify;\">Con actividades de divulgaci\u00f3n ahondaremos de una &hellip; <\/p>\n<p><a class=\"more-link btn\" href=\"https:\/\/monteagudo.info\/web\/jornadasgastronomia\/\">Seguir leyendo<\/a><\/p>\n","protected":false},"author":2,"featured_media":5125,"comment_status":"open","ping_status":"open","sticky":false,"template":"","format":"standard","meta":{"_jetpack_memberships_contains_paid_content":false,"footnotes":""},"categories":[1],"tags":[100],"class_list":["post-5106","post","type-post","status-publish","format-standard","has-post-thumbnail","hentry","category-noticias","tag-cultura","nodate","item-wrap"],"jetpack_featured_media_url":"https:\/\/monteagudo.info\/web\/wp-content\/uploads\/2022\/05\/Jornadas-de-Gastronomia-e-Historia-banner.jpg","jetpack_sharing_enabled":true,"_links":{"self":[{"href":"https:\/\/monteagudo.info\/web\/wp-json\/wp\/v2\/posts\/5106","targetHints":{"allow":["GET"]}}],"collection":[{"href":"https:\/\/monteagudo.info\/web\/wp-json\/wp\/v2\/posts"}],"about":[{"href":"https:\/\/monteagudo.info\/web\/wp-json\/wp\/v2\/types\/post"}],"author":[{"embeddable":true,"href":"https:\/\/monteagudo.info\/web\/wp-json\/wp\/v2\/users\/2"}],"replies":[{"embeddable":true,"href":"https:\/\/monteagudo.info\/web\/wp-json\/wp\/v2\/comments?post=5106"}],"version-history":[{"count":10,"href":"https:\/\/monteagudo.info\/web\/wp-json\/wp\/v2\/posts\/5106\/revisions"}],"predecessor-version":[{"id":5136,"href":"https:\/\/monteagudo.info\/web\/wp-json\/wp\/v2\/posts\/5106\/revisions\/5136"}],"wp:featuredmedia":[{"embeddable":true,"href":"https:\/\/monteagudo.info\/web\/wp-json\/wp\/v2\/media\/5125"}],"wp:attachment":[{"href":"https:\/\/monteagudo.info\/web\/wp-json\/wp\/v2\/media?parent=5106"}],"wp:term":[{"taxonomy":"category","embeddable":true,"href":"https:\/\/monteagudo.info\/web\/wp-json\/wp\/v2\/categories?post=5106"},{"taxonomy":"post_tag","embeddable":true,"href":"https:\/\/monteagudo.info\/web\/wp-json\/wp\/v2\/tags?post=5106"}],"curies":[{"name":"wp","href":"https:\/\/api.w.org\/{rel}","templated":true}]}}