{"id":5937,"date":"2025-06-18T13:10:09","date_gmt":"2025-06-18T11:10:09","guid":{"rendered":"https:\/\/monteagudo.info\/web\/?p=5937"},"modified":"2025-09-23T22:34:08","modified_gmt":"2025-09-23T20:34:08","slug":"fiestas-laslumbreras-2025","status":"publish","type":"post","link":"https:\/\/monteagudo.info\/web\/fiestas-laslumbreras-2025\/","title":{"rendered":"Fiestas de Las Lumbreras 2025"},"content":{"rendered":"<p>Del 21 de junio al 6 de julio se celebran las Fiestas Patronales de Las Lumbreras en honor a la Virgen de los Corazones con un variado programa para todos los p\u00fablicos. El programa es el siguiente:<\/p>\n<p><strong>S\u00e1bado 21 de junio<br \/>\n<\/strong>&#8211; De 21 a 1h \u2013 Coronaci\u00f3n de las reinas, preg\u00f3n y m\u00fasica en directo.<br \/>\n&#8211; De 01 a 4h \u2013 Charamita por las calles del pueblo.<\/p>\n<p><strong>Domingo 22 de junio<br \/>\n<\/strong>&#8211; De 20:30 a 01:30 horas \u2013 Cantajuegos, espect\u00e1culo infantil<\/p>\n<p><strong>S\u00e1bado 28 de junio<br \/>\n<\/strong>&#8211; De 22:30 a 4:00 horas \u2013 Discom\u00f3vil<\/p>\n<p><strong>Mi\u00e9rcoles 2 de julio<br \/>\n<\/strong>&#8211; De 21:00 a 3:00 horas \u2013 Convivencia vecinal y espect\u00e1culo musical en directo<\/p>\n<p><strong>Jueves de 3 de julio-<br \/>\n<\/strong>&#8211; De 22:00 a 3:00 horas \u2013 Discom\u00f3vil y fiesta de la espuma<\/p>\n<p><strong>Viernes 4 de julio<br \/>\n<\/strong>&#8211; De 22 a 2h \u2013 M\u00fasica en directo. Noche de copla<\/p>\n<p><strong>S\u00e1bado 5 de julio<br \/>\n<\/strong>&#8211; De 19 a 21h \u2013 Desfile de carrozas y comparsas.<br \/>\nItinerario: Av. De Alicante (frente GV Motor) (solo carril derecho seg\u00fan sentido de la circulaci\u00f3n) hasta la intersecci\u00f3n con C\/ Juan de Mena.<\/p>\n<p>&#8211; De 21 a 1h \u2013 Discom\u00f3vil.<br \/>\n&#8211; De 1:00 a 3:00h \u2013 Animaci\u00f3n por el pueblo<\/p>\n<p><strong>Domingo 6 de julio<br \/>\n<\/strong>&#8211; De 20.30 a 21.30h \u2013 Misa<br \/>\n&#8211; De 21.30 a 22.30h \u2013 Procesi\u00f3n.<br \/>\nItinerario: Ortega y Gasset, D\u00e1maso Alonso, Federico Garc\u00eda Lorca, Gerardo Diego, Valle Incl\u00e1n, Tirso de Molina, Lope de Vega, Juan de Mena, Pr\u00edncipe de Asturias, Tirso de Molina, Ortega y Gasset.<br \/>\n&#8211; De 22.30 a 23.00h \u2013 Castillo de fuegos artificiales (C\/ P\u00edo Baroja)<\/p>\n<p>Agradecemos el trabajo de la comisi\u00f3n de fiestas y la colaboraci\u00f3n de vecinos y comercios para hacer posible esta celebraci\u00f3n. Animamos a todos los vecinos a participar.<\/p>\n","protected":false},"excerpt":{"rendered":"<p>Del 21 de junio al 6 de julio se celebran las Fiestas Patronales de Las Lumbreras en honor a la Virgen de los Corazones con un variado programa para todos los p\u00fablicos. El programa es el siguiente:<\/p>\n<p>S\u00e1bado 21 de junio<br \/> &#8211; De 21 a 1h \u2013 Coronaci\u00f3n de las reinas, preg\u00f3n y m\u00fasica &hellip; <\/p>\n<p><a class=\"more-link btn\" href=\"https:\/\/monteagudo.info\/web\/fiestas-laslumbreras-2025\/\">Seguir leyendo<\/a><\/p>\n","protected":false},"author":2,"featured_media":5713,"comment_status":"closed","ping_status":"open","sticky":false,"template":"","format":"standard","meta":{"_jetpack_memberships_contains_paid_content":false,"footnotes":""},"categories":[1],"tags":[85,124],"class_list":["post-5937","post","type-post","status-publish","format-standard","has-post-thumbnail","hentry","category-noticias","tag-fiestas","tag-lumbreras","nodate","item-wrap"],"jetpack_featured_media_url":"https:\/\/monteagudo.info\/web\/wp-content\/uploads\/2024\/06\/procesion-las-lumbreras-virgen-de-los-corazones.jpg","jetpack_sharing_enabled":true,"_links":{"self":[{"href":"https:\/\/monteagudo.info\/web\/wp-json\/wp\/v2\/posts\/5937","targetHints":{"allow":["GET"]}}],"collection":[{"href":"https:\/\/monteagudo.info\/web\/wp-json\/wp\/v2\/posts"}],"about":[{"href":"https:\/\/monteagudo.info\/web\/wp-json\/wp\/v2\/types\/post"}],"author":[{"embeddable":true,"href":"https:\/\/monteagudo.info\/web\/wp-json\/wp\/v2\/users\/2"}],"replies":[{"embeddable":true,"href":"https:\/\/monteagudo.info\/web\/wp-json\/wp\/v2\/comments?post=5937"}],"version-history":[{"count":1,"href":"https:\/\/monteagudo.info\/web\/wp-json\/wp\/v2\/posts\/5937\/revisions"}],"predecessor-version":[{"id":5938,"href":"https:\/\/monteagudo.info\/web\/wp-json\/wp\/v2\/posts\/5937\/revisions\/5938"}],"wp:featuredmedia":[{"embeddable":true,"href":"https:\/\/monteagudo.info\/web\/wp-json\/wp\/v2\/media\/5713"}],"wp:attachment":[{"href":"https:\/\/monteagudo.info\/web\/wp-json\/wp\/v2\/media?parent=5937"}],"wp:term":[{"taxonomy":"category","embeddable":true,"href":"https:\/\/monteagudo.info\/web\/wp-json\/wp\/v2\/categories?post=5937"},{"taxonomy":"post_tag","embeddable":true,"href":"https:\/\/monteagudo.info\/web\/wp-json\/wp\/v2\/tags?post=5937"}],"curies":[{"name":"wp","href":"https:\/\/api.w.org\/{rel}","templated":true}]}}