{"id":5947,"date":"2025-08-22T12:50:50","date_gmt":"2025-08-22T10:50:50","guid":{"rendered":"https:\/\/monteagudo.info\/web\/?p=5947"},"modified":"2025-08-22T12:50:50","modified_gmt":"2025-08-22T10:50:50","slug":"monteagudo-tendra-su-primera-sala-de-estudio-municipal-24h-con-capacidad-para-cerca-de-70-usuarios","status":"publish","type":"post","link":"https:\/\/monteagudo.info\/web\/monteagudo-tendra-su-primera-sala-de-estudio-municipal-24h-con-capacidad-para-cerca-de-70-usuarios\/","title":{"rendered":"Monteagudo tendr\u00e1 su primera Sala de Estudio municipal 24h con capacidad para cerca de 70 usuarios"},"content":{"rendered":"<h4 class=\"SubtituloNoticiaDetalle\">La concejal de Educaci\u00f3n y Atenci\u00f3n a la Ciudadan\u00eda, Bel\u00e9n L\u00f3pez, junto con el presidente de la Junta Municipal de Monteagudo, David Campoy, han visitado el espacio que acoger\u00e1 la futura sala, en una superficie de 184,81 m\u00b2, accesible las 24 horas y que contempla una inversi\u00f3n total de 218.619,06 euros<\/h4>\n<h4 class=\"SubtituloNoticiaDetalle\">La nueva sala de Monteagudo se incorporar\u00e1 as\u00ed a la Red Municipal de Estudio como espacio para el aprendizaje y la conciliaci\u00f3n, un servicio gratuito para los estudiantes<\/h4>\n<div class=\"TextoNoticiaDetalle\"><\/div>\n<p align=\"justify\">El Ayuntamiento de Murcia pone en marcha una nueva Sala de Estudio 24 horas en Monteagudo. Por ello, la concejal de Educaci\u00f3n y Atenci\u00f3n a la Ciudadan\u00eda, Bel\u00e9n L\u00f3pez, junto con el Presidente de la Junta Municipal de la pedan\u00eda, David Campoy, han visitado el Centro Cultural de esta pedan\u00eda que acoger\u00e1 este espacio municipal para el estudio, y que se suma a las 18 ya existentes.<\/p>\n<p align=\"justify\">La futura Sala de Estudio 24 horas, que cuenta con una inversi\u00f3n de 218.619 euros, se localizar\u00e1 en la avenida Pr\u00edncipe de Asturias en una superficie de 184,81 m\u00b2 para albergar cerca de 70 puestos.<\/p>\n<p align=\"justify\">La intervenci\u00f3n forma parte de la estrategia impulsada por la Concejal\u00eda de Educaci\u00f3n para ampliar y descentralizar los espacios p\u00fablicos dedicados al estudio, especialmente en pedan\u00edas. Bel\u00e9n L\u00f3pez adem\u00e1s ha destacado que ser\u00e1 un espacio 24 horas accesible mediante un sistema de cerradura electr\u00f3nica, como ya ocurre en otras salas del municipio.<\/p>\n<p align=\"justify\"><strong>Espacio funcional e independiente<\/strong><\/p>\n<p align=\"justify\">La nueva sala se integrar\u00e1 en un edificio ya en uso como centro cultural. La intervenci\u00f3n contempla construir una rampa de acceso y escaleras lo que permitir\u00e1n una entrada independiente al edificio, labores de carpinter\u00eda y fontaner\u00eda, entre otros.<\/p>\n<p align=\"justify\">El interior ser\u00e1 completamente redise\u00f1ado, incluyendo vest\u00edbulo, aseos, cuarto de limpieza y la sala de estudio principal. Se utilizar\u00e1n materiales fonoabsorbentes, cerramientos t\u00e9rmicos y sistemas de climatizaci\u00f3n con recuperaci\u00f3n de calor para garantizar un espacio confortable y eficiente.<\/p>\n<p align=\"justify\"><strong>Inversi\u00f3n y sostenibilidad<\/strong><\/p>\n<p align=\"justify\">La adecuaci\u00f3n cumple con criterios de eficiencia energ\u00e9tica y accesibilidad, y dotar\u00e1 a Monteagudo de un recurso educativo clave para j\u00f3venes, estudiantes y opositores de la zona.<\/p>\n<p align=\"justify\">Esta iniciativa refuerza el compromiso del Ayuntamiento de Murcia con el acceso equitativo a los recursos p\u00fablicos y la dinamizaci\u00f3n cultural y educativa en sus pedan\u00edas, respondiendo as\u00ed a una importante demanda de la Junta Municipal.<\/p>\n<p align=\"justify\">Esta nueva sala se integra en la Red Municipal de Salas de Estudio de Murcia (RMSEM) que forma parte de los servicios que ofrece la Red Municipal de Bibliotecas de Murcia (RMBM) y est\u00e1 pensada para proporcionar un entorno \u00f3ptimo para el estudio, tanto en actividades acad\u00e9micas regladas como no regladas. Estos espacios est\u00e1n dise\u00f1ados para garantizar la comodidad, el silencio y la concentraci\u00f3n que necesitan las personas usuarias, convirti\u00e9ndose adem\u00e1s en un recurso municipal que facilita la conciliaci\u00f3n de la vida laboral, familiar y educativa.<\/p>\n<p align=\"justify\">Las salas est\u00e1n disponibles 24 horas al d\u00eda, los 7 d\u00edas de la semana, y cuentan con conexi\u00f3n wifi, tomas de corriente est\u00e1ndar y estabilizadas. Para acceder a ellas se debe tener 16 a\u00f1os o m\u00e1s y disponer de la tarjeta de acceso a la RMSEM, que es gratuita y muy f\u00e1cil de obtener: basta con rellenar el formulario disponible en la web\u00a0<a href=\"https:\/\/salasestudio.rmbm.org\/\" target=\"_new\">https:\/\/salasestudio.rmbm.org\/<\/a><\/p>\n","protected":false},"excerpt":{"rendered":"<p>El espacio que acoger\u00e1 la futura sala, en una superficie de 184,81 m\u00b2, accesible las 24 horas y que contempla una inversi\u00f3n total de 218.619,06 euros<\/p><p><a class=\"more-link btn\" href=\"https:\/\/monteagudo.info\/web\/monteagudo-tendra-su-primera-sala-de-estudio-municipal-24h-con-capacidad-para-cerca-de-70-usuarios\/\">Seguir leyendo<\/a><\/p>\n","protected":false},"author":2,"featured_media":5948,"comment_status":"closed","ping_status":"open","sticky":false,"template":"","format":"standard","meta":{"_jetpack_memberships_contains_paid_content":false,"footnotes":""},"categories":[1],"tags":[],"class_list":["post-5947","post","type-post","status-publish","format-standard","has-post-thumbnail","hentry","category-noticias","nodate","item-wrap"],"jetpack_featured_media_url":"https:\/\/monteagudo.info\/web\/wp-content\/uploads\/2025\/08\/SALA-ESTUDIO-MONTEAGUDO-1-scaled.jpeg","jetpack_sharing_enabled":true,"_links":{"self":[{"href":"https:\/\/monteagudo.info\/web\/wp-json\/wp\/v2\/posts\/5947","targetHints":{"allow":["GET"]}}],"collection":[{"href":"https:\/\/monteagudo.info\/web\/wp-json\/wp\/v2\/posts"}],"about":[{"href":"https:\/\/monteagudo.info\/web\/wp-json\/wp\/v2\/types\/post"}],"author":[{"embeddable":true,"href":"https:\/\/monteagudo.info\/web\/wp-json\/wp\/v2\/users\/2"}],"replies":[{"embeddable":true,"href":"https:\/\/monteagudo.info\/web\/wp-json\/wp\/v2\/comments?post=5947"}],"version-history":[{"count":1,"href":"https:\/\/monteagudo.info\/web\/wp-json\/wp\/v2\/posts\/5947\/revisions"}],"predecessor-version":[{"id":5949,"href":"https:\/\/monteagudo.info\/web\/wp-json\/wp\/v2\/posts\/5947\/revisions\/5949"}],"wp:featuredmedia":[{"embeddable":true,"href":"https:\/\/monteagudo.info\/web\/wp-json\/wp\/v2\/media\/5948"}],"wp:attachment":[{"href":"https:\/\/monteagudo.info\/web\/wp-json\/wp\/v2\/media?parent=5947"}],"wp:term":[{"taxonomy":"category","embeddable":true,"href":"https:\/\/monteagudo.info\/web\/wp-json\/wp\/v2\/categories?post=5947"},{"taxonomy":"post_tag","embeddable":true,"href":"https:\/\/monteagudo.info\/web\/wp-json\/wp\/v2\/tags?post=5947"}],"curies":[{"name":"wp","href":"https:\/\/api.w.org\/{rel}","templated":true}]}}