{"id":5950,"date":"2025-08-01T12:53:39","date_gmt":"2025-08-01T10:53:39","guid":{"rendered":"https:\/\/monteagudo.info\/web\/?p=5950"},"modified":"2025-08-22T12:55:41","modified_gmt":"2025-08-22T10:55:41","slug":"las-excavaciones-en-el-palacio-ibn-mardanis-y-su-entorno-permiten-evidenciar-el-hallazgo-de-un-gran-complejo-palaciego","status":"publish","type":"post","link":"https:\/\/monteagudo.info\/web\/las-excavaciones-en-el-palacio-ibn-mardanis-y-su-entorno-permiten-evidenciar-el-hallazgo-de-un-gran-complejo-palaciego\/","title":{"rendered":"Las excavaciones en el Palacio Ibn Mardan\u00eds y su entorno permiten evidenciar el hallazgo de un Gran Complejo Palaciego"},"content":{"rendered":"<div class=\"SubtituloNoticiaDetalle\"><strong>Gracias a estos labores de excavaci\u00f3n uno de los grandes descubrimientos es que las dos Torres existentes se encuentran totalmente alineadas, reforzando la hip\u00f3tesis de su uso para vig\u00eda y control de acceso al propio edificio, adem\u00e1s de ser una de las posibles zonas de entrada a este recinto<\/strong><\/div>\n<div><\/div>\n<div class=\"SubtituloNoticiaDetalle\"><strong>El concejal de Pedan\u00edas y Vertebraci\u00f3n Territorial, Marco Antonio Fern\u00e1ndez, ha visitado las excavaciones del Palacio Ibn Mardan\u00eds con motivo del fin de la Campa\u00f1a de Voluntariado en la que han participado 25 personas, siendo la mayor\u00eda estudiantes de la UMU en grados como Medicina, ADE, Historia del Arte e Ingenier\u00eda<\/strong><\/div>\n<div><\/div>\n<div class=\"SubtituloNoticiaDetalle\"><strong>Otros restos hallados en el entorno pertenecientes a estructuras hidr\u00e1ulicas como canalizaciones, norias y acueductos evidencian que el Castillejo no es una estructura aislada, si no que se trata de un importante Complejo Palaciego como es el Conjunto Arqueol\u00f3gico de Medina Azahara de C\u00f3rdoba<\/strong><\/div>\n<div><\/div>\n<p align=\"justify\">Los trabajos de excavaci\u00f3n realizados dentro de la Campa\u00f1a de Voluntariado 2025 se cierra con un balance de importantes hallazgos tanto en el recinto superior del Palacio Ibn Mardan\u00eds, como en el entorno, que evidenciar\u00edan la importancia de este enclave como un gran Complejo Palaciego a nivel de de las ciudades palatinas andalus\u00edes cercanas a Murcia.<\/p>\n<p align=\"justify\">El concejal de Pedan\u00edas y Vertebraci\u00f3n Territorial, Marco Antonio Fern\u00e1ndez, ha visitado el avance de estas importantes actuaciones, que comenzaron el pasado 7 de julio, y que han logrado acceder hasta el suelo del recinto superior del Palacio Ibn Mardan\u00eds, descubrir otras infraestructuras hidr\u00e1ulicas en el recinto de este enclave que forma parte de las Fortalezas del Rey Lobo, y evidenciar los usos de las Torres en las que se ha trabajado.<\/p>\n<p align=\"justify\">En este sentido el edil responsable del proyecto estrat\u00e9gico de Fortalezas del Rey Lobo ha destacado la importante labor de los 25 voluntarios que se han implicado en estas tareas de excavaci\u00f3n, dentro de la Campa\u00f1a de Voluntariado 2025 en la que han participado alumnos de la Universidad de Murcia (UMU) y voluntarios externos, y que finaliza hoy con importantes hallazgos tras trabajar en dos \u00e1reas diferentes localizadas, cada una de ellas en sendas terrazas que se encuentran junto al camino de acceso de subida al Castillejo.<\/p>\n<p align=\"justify\"><strong>Estos trabajos permiten descubrir que las dos Torres exteriores se levantaron para ejercer el control de acceso al edificio<\/strong><\/p>\n<p align=\"justify\">Marco Antonio Fern\u00e1ndez ha destacado que \u00abgracias a estos hallazgos se han podido aclarar algunas de las inc\u00f3gnitas con las que se trabaja como es el uso para almac\u00e9n de agua, ya que en la Torre superior se han descubierto dos estancias en su interior, una de las cuales se deduce era un aljibe para abastecer de agua al recinto superior del Castillejo\u00bb.<\/p>\n<p align=\"justify\">Otro de los importantes hallazgos resultantes de esta excavaci\u00f3n es que las dos Torres exteriores sobre las que se ha trabajado se confirma que est\u00e1n totalmente alienadas con la gran balconada que hay en lado este del recinto superior del Castillejo, lo que reforzar\u00eda la hip\u00f3tesis de zona de control del acceso al propio edificio y de vig\u00eda, adem\u00e1s de relacionarse con una posible infraestructura de acceso directo a la zona superior.<\/p>\n<p align=\"justify\">Adem\u00e1s, gracias a este minucioso trabajo se ha podido excavar y llegar hasta los suelos originales de uso de las dos Torres. Respecto a las caracter\u00edsticas del suelo, en la estancia del mencionado aljibe es de tierra apisonada, y en la segunda de mortero de cal.<\/p>\n<p align=\"justify\">El concejal de Pedan\u00edas y Vertebraci\u00f3n Territorial, Marco Antonio Fern\u00e1ndez, ha destacado que \u00abha sido una grata sorpresa el haber podido alcanzar con esta excavaci\u00f3n la base y el nivel de profundidad de suelo de \u00e9poca medieval isl\u00e1mica\u00bb.<\/p>\n<p align=\"justify\"><strong>Los trabajos han permitido encontrar en el entorno edificaciones y estructuras hidr\u00e1ulicas evidenciando un gran complejo palaciego<\/strong><\/p>\n<p align=\"justify\">Gracias a los trabajos realizados en el entorno del Palacio de Ibn Mardan\u00eds se han descubierto importantes evidencias de que estamos ante un gran complejo palaciego.<\/p>\n<p align=\"justify\">Estos hallazgos se corresponden a elementos arquitect\u00f3nicos de \u00e9poca isl\u00e1mica, y otros de car\u00e1cter hidr\u00e1ulico como restos de canalizaciones, norias y acueductos, lo que supone que el edificio de el Castillejo no est\u00e1 solo, sino que se encuentra en el centro de un amplio espacio urbanizado o palatizado, de una envergadura que podr\u00eda resultar, en extensi\u00f3n y concepci\u00f3n, muy similar al de las ciudades palatinas andalus\u00edes cercanas a la capital como es el Conjunto Arqueol\u00f3gico de Medina Azahara de C\u00f3rdoba.<\/p>\n<p align=\"justify\"><strong>\u00c9xito de participaci\u00f3n de los voluntarios de la UMU y otros, procedentes de diferentes grados como Medicina, ADE e Ingeniera Qu\u00edmica<\/strong><\/p>\n<p align=\"justify\">El concejal de Pedan\u00edas y Vertebraci\u00f3n Territorial, Marco Antonio Fern\u00e1ndez, ha destacado la importante labor que han realizado estos 25 voluntarios, 21 procedentes de la Universidad de Murcia y el resto externos interesados en participar como ha sido el caso de un estudiante procedente de la Universidad de Ohio con ra\u00edces murcianas.<\/p>\n<p align=\"justify\">Los trabajos, iniciados el 7 de julio y que finalizan hoy 1 de agosto, se han organizado en dos turnos de excavaci\u00f3n, aunque la mayor parte de los voluntarios inscritos en el primero han continuado colaborando a lo largo del mes.<\/p>\n<p align=\"justify\">Estos estudiantes, procedentes de Grados tan dispares como Medicina, Ingenier\u00eda Qu\u00edmica, ADE, Derecho, Relaciones Internacionales e Historia del Arte, han trabajado principalmente con picos, azadas y carretillas para retirar la tierra, y el trabajo m\u00e1s fino con herramientas como la catalana y cepillos, y siempre supervisados por las arque\u00f3logas municipales.<\/p>\n","protected":false},"excerpt":{"rendered":"<p>Uno de los grandes descubrimientos es que las dos Torres existentes se encuentran totalmente alineadas, reforzando la hip\u00f3tesis de su uso para vig\u00eda y control de acceso al propio edificio, adem\u00e1s de ser una de las posibles zonas de entrada a este recinto<\/p><p><a class=\"more-link btn\" href=\"https:\/\/monteagudo.info\/web\/las-excavaciones-en-el-palacio-ibn-mardanis-y-su-entorno-permiten-evidenciar-el-hallazgo-de-un-gran-complejo-palaciego\/\">Seguir leyendo<\/a><\/p>\n","protected":false},"author":2,"featured_media":5951,"comment_status":"closed","ping_status":"open","sticky":false,"template":"","format":"standard","meta":{"_jetpack_memberships_contains_paid_content":false,"footnotes":""},"categories":[1],"tags":[],"class_list":["post-5950","post","type-post","status-publish","format-standard","has-post-thumbnail","hentry","category-noticias","nodate","item-wrap"],"jetpack_featured_media_url":"https:\/\/monteagudo.info\/web\/wp-content\/uploads\/2025\/08\/CAMPANA-VOLUNTARIO-PORTADA.jpeg","jetpack_sharing_enabled":true,"_links":{"self":[{"href":"https:\/\/monteagudo.info\/web\/wp-json\/wp\/v2\/posts\/5950","targetHints":{"allow":["GET"]}}],"collection":[{"href":"https:\/\/monteagudo.info\/web\/wp-json\/wp\/v2\/posts"}],"about":[{"href":"https:\/\/monteagudo.info\/web\/wp-json\/wp\/v2\/types\/post"}],"author":[{"embeddable":true,"href":"https:\/\/monteagudo.info\/web\/wp-json\/wp\/v2\/users\/2"}],"replies":[{"embeddable":true,"href":"https:\/\/monteagudo.info\/web\/wp-json\/wp\/v2\/comments?post=5950"}],"version-history":[{"count":2,"href":"https:\/\/monteagudo.info\/web\/wp-json\/wp\/v2\/posts\/5950\/revisions"}],"predecessor-version":[{"id":5953,"href":"https:\/\/monteagudo.info\/web\/wp-json\/wp\/v2\/posts\/5950\/revisions\/5953"}],"wp:featuredmedia":[{"embeddable":true,"href":"https:\/\/monteagudo.info\/web\/wp-json\/wp\/v2\/media\/5951"}],"wp:attachment":[{"href":"https:\/\/monteagudo.info\/web\/wp-json\/wp\/v2\/media?parent=5950"}],"wp:term":[{"taxonomy":"category","embeddable":true,"href":"https:\/\/monteagudo.info\/web\/wp-json\/wp\/v2\/categories?post=5950"},{"taxonomy":"post_tag","embeddable":true,"href":"https:\/\/monteagudo.info\/web\/wp-json\/wp\/v2\/tags?post=5950"}],"curies":[{"name":"wp","href":"https:\/\/api.w.org\/{rel}","templated":true}]}}