{"id":5960,"date":"2025-09-25T14:32:13","date_gmt":"2025-09-25T12:32:13","guid":{"rendered":"https:\/\/monteagudo.info\/web\/?p=5960"},"modified":"2025-09-25T14:53:49","modified_gmt":"2025-09-25T12:53:49","slug":"fiestas-patronales-de-la-cueva-2025","status":"publish","type":"post","link":"https:\/\/monteagudo.info\/web\/fiestas-patronales-de-la-cueva-2025\/","title":{"rendered":"Fiestas Patronales de La Cueva 2025"},"content":{"rendered":"<p><img loading=\"lazy\" decoding=\"async\" class=\"aligncenter size-full wp-image-5962\" src=\"https:\/\/monteagudo.info\/web\/wp-content\/uploads\/2025\/09\/portada-fiestas-de-la-cueva-2025.jpg\" alt=\"\" width=\"611\" height=\"814\" srcset=\"https:\/\/monteagudo.info\/web\/wp-content\/uploads\/2025\/09\/portada-fiestas-de-la-cueva-2025.jpg 611w, https:\/\/monteagudo.info\/web\/wp-content\/uploads\/2025\/09\/portada-fiestas-de-la-cueva-2025-225x300.jpg 225w, https:\/\/monteagudo.info\/web\/wp-content\/uploads\/2025\/09\/portada-fiestas-de-la-cueva-2025-555x739.jpg 555w\" sizes=\"auto, (max-width: 611px) 100vw, 611px\" \/><\/p>\n<p style=\"text-align: justify;\">Del <strong>26 <\/strong><strong>de septiembre al 12 de octubre<\/strong> tendr\u00e1n lugar las Fiestas Patronales en honor a la Virgen del Rosario de La Cueva, una tradici\u00f3n que se remonta a inicios del siglo pasado.<\/p>\n<p style=\"text-align: justify;\">Con un programa variado y adaptado a todos los gustos y edades, se continua con esta tradici\u00f3n gracias al empuje de la Comisi\u00f3n de Fiestas, que es en s\u00ed misma patrimonio inmaterial de La Cueva.<\/p>\n<p>Los festejos comienzan el viernes 26 con la vuelta del m\u00edtico <strong>Cueva-Rock<\/strong>, seguido el d\u00eda siguiente con el festival de m\u00fasica remember <strong>Cueva-Dance<\/strong> el s\u00e1bado 27.<\/p>\n<p style=\"text-align: justify;\">Las fiestas ser\u00e1n pregonadas el viernes 3, acto tras el que ser\u00e1n presentadas las reinas de 2025, seguido de uno de los platos fuertes, el concierto \u00abLa D\u00e9cada de tu vida\u00bb.<\/p>\n<p style=\"text-align: justify;\">Variedades, tarde infantil con atracciones hinchables, desfile de carrozas, comida popular y un largo etc\u00e9tera configuran estas fiestas en las que sobre todo prima el encuentro entre los vecinos de La Cueva y alrededores. Una ocasi\u00f3n excepcional para el reencuentro.<\/p>\n<p>Puedes consultar el programa y estar al d\u00eda siguiendo la p\u00e1gina de Facebook de la Comisi\u00f3n <a href=\"https:\/\/www.facebook.com\/comisionlacueva\" target=\"_blank\" rel=\"noopener\">facebook.com\/comisionlacueva<\/a><\/p>\n<p style=\"text-align: left;\">\u00a1Vivan las Fiestas de La Cueva!<\/p>\n<p style=\"text-align: left;\">\u00a1Viva la V\u00edrgen del Rosario!<\/p>\n<p style=\"text-align: left;\">\u00a1Viva La Cueva!<\/p>\n","protected":false},"excerpt":{"rendered":"<\/p>\n<p style=\"text-align: justify;\">Del 26 de septiembre al 12 de octubre tendr\u00e1n lugar las Fiestas Patronales en honor a la Virgen del Rosario de La Cueva, una tradici\u00f3n que se remonta a inicios del siglo pasado.<\/p>\n<p style=\"text-align: justify;\">Con un programa variado y adaptado a todos los gustos y edades, se continua con esta tradici\u00f3n &hellip; <\/p>\n<p><a class=\"more-link btn\" href=\"https:\/\/monteagudo.info\/web\/fiestas-patronales-de-la-cueva-2025\/\">Seguir leyendo<\/a><\/p>\n","protected":false},"author":2,"featured_media":5962,"comment_status":"closed","ping_status":"open","sticky":false,"template":"","format":"standard","meta":{"_jetpack_memberships_contains_paid_content":false,"footnotes":""},"categories":[1],"tags":[10,210,128,115],"class_list":["post-5960","post","type-post","status-publish","format-standard","has-post-thumbnail","hentry","category-noticias","tag-comision-de-fiestas","tag-fiestas-patronales","tag-la-cueva","tag-tradiciones","nodate","item-wrap"],"jetpack_featured_media_url":"https:\/\/monteagudo.info\/web\/wp-content\/uploads\/2025\/09\/portada-fiestas-de-la-cueva-2025.jpg","jetpack_sharing_enabled":true,"_links":{"self":[{"href":"https:\/\/monteagudo.info\/web\/wp-json\/wp\/v2\/posts\/5960","targetHints":{"allow":["GET"]}}],"collection":[{"href":"https:\/\/monteagudo.info\/web\/wp-json\/wp\/v2\/posts"}],"about":[{"href":"https:\/\/monteagudo.info\/web\/wp-json\/wp\/v2\/types\/post"}],"author":[{"embeddable":true,"href":"https:\/\/monteagudo.info\/web\/wp-json\/wp\/v2\/users\/2"}],"replies":[{"embeddable":true,"href":"https:\/\/monteagudo.info\/web\/wp-json\/wp\/v2\/comments?post=5960"}],"version-history":[{"count":2,"href":"https:\/\/monteagudo.info\/web\/wp-json\/wp\/v2\/posts\/5960\/revisions"}],"predecessor-version":[{"id":5963,"href":"https:\/\/monteagudo.info\/web\/wp-json\/wp\/v2\/posts\/5960\/revisions\/5963"}],"wp:featuredmedia":[{"embeddable":true,"href":"https:\/\/monteagudo.info\/web\/wp-json\/wp\/v2\/media\/5962"}],"wp:attachment":[{"href":"https:\/\/monteagudo.info\/web\/wp-json\/wp\/v2\/media?parent=5960"}],"wp:term":[{"taxonomy":"category","embeddable":true,"href":"https:\/\/monteagudo.info\/web\/wp-json\/wp\/v2\/categories?post=5960"},{"taxonomy":"post_tag","embeddable":true,"href":"https:\/\/monteagudo.info\/web\/wp-json\/wp\/v2\/tags?post=5960"}],"curies":[{"name":"wp","href":"https:\/\/api.w.org\/{rel}","templated":true}]}}