{"id":5964,"date":"2025-10-02T20:56:24","date_gmt":"2025-10-02T18:56:24","guid":{"rendered":"https:\/\/monteagudo.info\/web\/?p=5964"},"modified":"2025-10-02T20:56:24","modified_gmt":"2025-10-02T18:56:24","slug":"murcia-impulsa-la-puesta-en-valor-integral-del-palacio-de-ibn-mardanis","status":"publish","type":"post","link":"https:\/\/monteagudo.info\/web\/murcia-impulsa-la-puesta-en-valor-integral-del-palacio-de-ibn-mardanis\/","title":{"rendered":"Murcia impulsa la puesta en valor integral del Palacio de Ibn Mardan\u00eds"},"content":{"rendered":"<h4 class=\"SubtituloNoticiaDetalle\">La actuaci\u00f3n, enmarcado en el proyecto de Las Fortalezas del Rey Lobo, contempla la recuperaci\u00f3n del recinto superior del Castillejo, incluyendo el patio de crucero, las murallas y torres, usando t\u00e9cnicas tradicionales y materiales que garantizan la autenticidad hist\u00f3rica<\/h4>\n<h4 class=\"SubtituloNoticiaDetalle\">M\u00e1s de 900 luminarias de LED permitir\u00e1n resaltar la arquitectura, mejorar la seguridad y crear experiencias visuales \u00fanicas, convirtiendo el palacio de Ibn Mardan\u00eds, en un icono en el skyline nocturno de Murcia<\/h4>\n<h4 class=\"SubtituloNoticiaDetalle\">El proyecto, que asciende a un total de 2.2 millones de euros, ha logrado la concesi\u00f3n del 2% Cultural por parte del Ministerio de Vivienda y Agenda Urbana, con una dotaci\u00f3n de 1.1 millones de euros, siendo la cantidad restante asumida por el Ayuntamiento<\/h4>\n<div class=\"TextoNoticiaDetalle\">\n<p>El Palacio de Ibn Mardan\u00eds, tambi\u00e9n conocido como el Castillejo de Monteagudo, est\u00e1 cada vez m\u00e1s cerca de recuperar su esplendor. El alcalde de Murcia, Jos\u00e9 Ballesta, acompa\u00f1ado por el concejal de Pedan\u00edas y Vertebraci\u00f3n Territorial, y el presidente de la Junta Municipal de Monteagudo, David Campoy, ha presentado el proyecto de restauraci\u00f3n y conservaci\u00f3n del recinto superior de este monumento, Bien de Inter\u00e9s Cultural, que constituye una de las joyas patrimoniales m\u00e1s singulares de la Regi\u00f3n y del municipio de Murcia.<\/p>\n<p>El proyecto, redactado por la Comisi\u00f3n T\u00e9cnica de Seguimiento de Expertos, integrada por un equipo multidisciplinar del Ayuntamiento y de la Comunidad Aut\u00f3noma, que cuenta con un presupuesto total de 2.274.473,43 euros, ha logrado la concesi\u00f3n del 2% Cultural por parte del Ministerio de Vivienda y Agenda Urbana, con una dotaci\u00f3n de 1.119.867 euros, siendo la cantidad restante asumida por el Consistorio capitalino.<\/p>\n<p>El alcalde \u00a0de Murcia, Jos\u00e9 Ballesta, durante su intervenci\u00f3n, ha recordado que fue en 2019 cuando se present\u00f3 el proyecto estrat\u00e9gico Fortalezas del Rey Lobo, destinado a la \u00abregeneraci\u00f3n, rehabilitaci\u00f3n y musealizaci\u00f3n del mayor parque arqueol\u00f3gico, etnogr\u00e1fico, paisaj\u00edstico, medioambiental, antropol\u00f3gico de la regi\u00f3n de Murcia\u00bb, quien a\u00f1adi\u00f3 que la primera fase de restauraci\u00f3n del Palacio de Ibn Mardan\u00eds \u00abya est\u00e1 completamente acabada y siendo utilizada masivamente por todo tipo de visitantes\u00bb y anunci\u00f3 que \u00abhoy, reci\u00e9n iniciado octubre del a\u00f1o 25, volvemos a comparecer ante todos ustedes para anunciarles las obras de la segunda y la tercera fase de la recuperaci\u00f3n del Palacio Andalus\u00ed de Ibn Mardan\u00eds\u00bb, centradas en el Recinto superior.<\/p>\n<p>La actuaci\u00f3n prevista en el recinto superior del Castillejo se centrar\u00e1 en el patio de crucero, coraz\u00f3n del edificio, y en las murallas perimetrales del recinto superior, adem\u00e1s de crear un nuevo acceso para visitantes. As\u00ed, este proyecto da un paso m\u00e1s en la recuperaci\u00f3n de las Fortalezas del Rey Lobo, dentro del Sitio Hist\u00f3rico de Monteagudo-Cabezo de Torres, abarcando la consolidaci\u00f3n arquitect\u00f3nica de las estructuras hist\u00f3ricas, la recuperaci\u00f3n de espacios emblem\u00e1ticos, la mejora de la accesibilidad y la musealizaci\u00f3n del conjunto.<\/p>\n<p>Los trabajos previos se centrar\u00e1n en la organizaci\u00f3n de la obra, con vallado, accesos peatonales y rodados, instalaci\u00f3n de casetas y acopios. Al mismo tiempo, se llevar\u00e1 a cabo una limpieza arqueol\u00f3gica de vegetaci\u00f3n y residuos y la retirada de tierras con metodolog\u00eda arqueol\u00f3gica en una franja de tres metros junto a torres y cortinas. Estos materiales -mampuestos, ladrillos o tierras- ser\u00e1n cuidadosamente acopiados y reutilizados.<\/p>\n<p>En cuanto a la restauraci\u00f3n arquitect\u00f3nica, se realizar\u00e1 la limpieza manual de torres, muros y del patio de crucero, eliminando morteros a\u00f1adidos y revestimientos de cemento. Las superficies se consolidar\u00e1n con agua de cal a\u00f1eja y se rellenar\u00e1n oquedades para reforzar su estabilidad. Adem\u00e1s, se llevar\u00e1 a cabo la reintegraci\u00f3n volum\u00e9trica de torres y paramentos hasta alcanzar niveles de seguridad, utilizando tapial de cal y materiales originales recuperados. El patio de crucero ser\u00e1 excavado arqueol\u00f3gicamente, consolidado y liberado de elementos impropios, recuperando as\u00ed su configuraci\u00f3n hist\u00f3rica. Finalmente, se aplicar\u00e1n tratamientos protectores y fitosanitarios que aseguren la conservaci\u00f3n del conjunto frente a agentes externos.<\/p>\n<p>El proyecto contempla tambi\u00e9n un acondicionamiento expositivo y de accesibilidad que transformar\u00e1 la experiencia de los visitantes, por lo que se crear\u00e1 un itinerario perimetral en el recinto superior con tierras estabilizadas y bajo supervisi\u00f3n arqueol\u00f3gica, as\u00ed como de una variante en el camino de ascenso que evitar\u00e1 la pendiente m\u00e1s pronunciada.<\/p>\n<p>De igual manera, se habilitar\u00e1 un nuevo punto de encuentro en la zona norte, desde el que podr\u00e1n contemplarse los Castillos de Larache y Cabezo de Torres, y que contar\u00e1 con se\u00f1al\u00e9tica interpretativa, mobiliario integrado en el entorno y un sistema de drenajes para proteger torres y caminos.<\/p>\n<p>Todos los trabajos se llevar\u00e1n a cabo con t\u00e9cnicas tradicionales y materiales compatibles con los originales, garantizando la autenticidad hist\u00f3rica del palacio.<\/p>\n<p><img loading=\"lazy\" decoding=\"async\" class=\"aligncenter size-full wp-image-5966\" src=\"https:\/\/monteagudo.info\/web\/wp-content\/uploads\/2025\/10\/presentacion-segunda-fase-castillejo-2025-2-scaled.jpeg\" alt=\"\" width=\"2560\" height=\"1707\" srcset=\"https:\/\/monteagudo.info\/web\/wp-content\/uploads\/2025\/10\/presentacion-segunda-fase-castillejo-2025-2-scaled.jpeg 2560w, https:\/\/monteagudo.info\/web\/wp-content\/uploads\/2025\/10\/presentacion-segunda-fase-castillejo-2025-2-300x200.jpeg 300w, https:\/\/monteagudo.info\/web\/wp-content\/uploads\/2025\/10\/presentacion-segunda-fase-castillejo-2025-2-1024x683.jpeg 1024w, https:\/\/monteagudo.info\/web\/wp-content\/uploads\/2025\/10\/presentacion-segunda-fase-castillejo-2025-2-768x512.jpeg 768w, https:\/\/monteagudo.info\/web\/wp-content\/uploads\/2025\/10\/presentacion-segunda-fase-castillejo-2025-2-1536x1024.jpeg 1536w, https:\/\/monteagudo.info\/web\/wp-content\/uploads\/2025\/10\/presentacion-segunda-fase-castillejo-2025-2-2048x1365.jpeg 2048w, https:\/\/monteagudo.info\/web\/wp-content\/uploads\/2025\/10\/presentacion-segunda-fase-castillejo-2025-2-555x370.jpeg 555w\" sizes=\"auto, (max-width: 2560px) 100vw, 2560px\" \/><\/p>\n<h2><strong>Iluminaci\u00f3n monumental de \u00faltima generaci\u00f3n<\/strong><\/h2>\n<p>El Palacio de Ibn Mardan\u00eds contar\u00e1 con un sistema\u00a0<a name=\"_Hlk210213464\"><\/a>, dise\u00f1ado para resaltar su valor hist\u00f3rico y convertirlo en un icono visible en el \u2018skyline&#8217; nocturno de Murcia. En total, se instalar\u00e1n m\u00e1s de 900 luminarias LED de bajo consumo, capaces de poner en valor la arquitectura del recinto superior, reforzar la seguridad de los visitantes y garantizar un uso eficiente de la energ\u00eda. Este sistema ser\u00e1 inteligente y din\u00e1mico, ya que incorpora un control digital que permitir\u00e1 regular en tiempo real la intensidad, el color y los efectos lum\u00ednicos. De este modo, el palacio podr\u00e1 ofrecer experiencias visuales \u00fanicas en funci\u00f3n de cada evento o momento del d\u00eda, creando un nuevo atractivo cultural y tur\u00edstico para la ciudad.<\/p>\n<p>La iluminaci\u00f3n combinar\u00e1 distintos niveles de actuaci\u00f3n: \u00a0en las fachadas y torres m\u00e1s significativas se instalar\u00e1n cerca de 80 focos de doble intensidad y m\u00e1s de 50 proyectores de gran potencia, dise\u00f1ados espec\u00edficamente para resaltar la monumentalidad del Castillejo; y en el Patio de Crucero, espacio central del recinto, se dispondr\u00e1n 136 metros lineales de luz LED empotrada, mientras que el interior del palacio contar\u00e1 con m\u00e1s de 500 luminarias LED que garantizar\u00e1n una iluminaci\u00f3n uniforme y segura. A ello se sumar\u00e1n 51 luces de bajo consumo en los caminos de acceso y 110 peque\u00f1os puntos de luz en pasamanos y barandillas, que marcar\u00e1n de forma discreta los recorridos y escaleras para facilitar la visita.<\/p>\n<p>Todos los elementos han sido fabricados en materiales de alta resistencia, como el acero galvanizado y el inoxidable, preparados para soportar condiciones extremas y ambientes salinos. Adem\u00e1s, se han dise\u00f1ado para integrarse con la arquitectura de tapial y piedra, de modo que el sistema se mimetice con el monumento y no altere su aspecto original. Gracias a la tecnolog\u00eda LED, se asegura un consumo m\u00ednimo, una larga durabilidad y un bajo impacto ambiental, alineando la recuperaci\u00f3n patrimonial con criterios de sostenibilidad.<\/p>\n<p>El proyecto incluye tambi\u00e9n la creaci\u00f3n de un punto de encuentro en la zona norte, desde el que los visitantes podr\u00e1n contemplar otros hitos del Sitio Hist\u00f3rico de Monteagudo, como los Castillos de Larache y Cabezo de Torres. Se acondicionar\u00e1n caminos accesibles, se\u00f1al\u00e9tica y mobiliario adaptado al entorno, facilitando la visita y la comprensi\u00f3n del monumento.<\/p>\n<h2><strong>Un proyecto que superar\u00e1 en el tiempo a la actual generaci\u00f3n de murcianos<\/strong><\/h2>\n<p>Por otro lado, al igual que se ha estado realizando en otras ocasiones, se llevar\u00e1 a cabo un Plan de Difusi\u00f3n que acercar\u00e1 el proceso de restauraci\u00f3n a los murcianos mediante visitas guiadas a las obras, exposiciones fotogr\u00e1ficas, conferencias, recursos digitales y actividades en redes sociales, para que puedan conocer de primera mano los trabajos que se est\u00e1n realizando en el que ser\u00e1 el mayor parque arqueol\u00f3gico de la Regi\u00f3n de Murcia.<\/p>\n<\/div>\n","protected":false},"excerpt":{"rendered":"<p>La actuaci\u00f3n, enmarcado en el proyecto de Las Fortalezas del Rey Lobo, contempla la recuperaci\u00f3n del recinto superior del Castillejo, incluyendo el patio de crucero, las murallas y torres, usando t\u00e9cnicas tradicionales y materiales que garantizan la autenticidad hist\u00f3rica<\/p><p><a class=\"more-link btn\" href=\"https:\/\/monteagudo.info\/web\/murcia-impulsa-la-puesta-en-valor-integral-del-palacio-de-ibn-mardanis\/\">Seguir leyendo<\/a><\/p>\n","protected":false},"author":2,"featured_media":5965,"comment_status":"open","ping_status":"open","sticky":false,"template":"","format":"standard","meta":{"_jetpack_memberships_contains_paid_content":false,"footnotes":""},"categories":[1],"tags":[108,75,143],"class_list":["post-5964","post","type-post","status-publish","format-standard","has-post-thumbnail","hentry","category-noticias","tag-castillejo","tag-fortalezas","tag-restauracion","nodate","item-wrap"],"jetpack_featured_media_url":"https:\/\/monteagudo.info\/web\/wp-content\/uploads\/2025\/10\/presentacion-segunda-fase-castillejo-2025-scaled.jpeg","jetpack_sharing_enabled":true,"_links":{"self":[{"href":"https:\/\/monteagudo.info\/web\/wp-json\/wp\/v2\/posts\/5964","targetHints":{"allow":["GET"]}}],"collection":[{"href":"https:\/\/monteagudo.info\/web\/wp-json\/wp\/v2\/posts"}],"about":[{"href":"https:\/\/monteagudo.info\/web\/wp-json\/wp\/v2\/types\/post"}],"author":[{"embeddable":true,"href":"https:\/\/monteagudo.info\/web\/wp-json\/wp\/v2\/users\/2"}],"replies":[{"embeddable":true,"href":"https:\/\/monteagudo.info\/web\/wp-json\/wp\/v2\/comments?post=5964"}],"version-history":[{"count":1,"href":"https:\/\/monteagudo.info\/web\/wp-json\/wp\/v2\/posts\/5964\/revisions"}],"predecessor-version":[{"id":5967,"href":"https:\/\/monteagudo.info\/web\/wp-json\/wp\/v2\/posts\/5964\/revisions\/5967"}],"wp:featuredmedia":[{"embeddable":true,"href":"https:\/\/monteagudo.info\/web\/wp-json\/wp\/v2\/media\/5965"}],"wp:attachment":[{"href":"https:\/\/monteagudo.info\/web\/wp-json\/wp\/v2\/media?parent=5964"}],"wp:term":[{"taxonomy":"category","embeddable":true,"href":"https:\/\/monteagudo.info\/web\/wp-json\/wp\/v2\/categories?post=5964"},{"taxonomy":"post_tag","embeddable":true,"href":"https:\/\/monteagudo.info\/web\/wp-json\/wp\/v2\/tags?post=5964"}],"curies":[{"name":"wp","href":"https:\/\/api.w.org\/{rel}","templated":true}]}}