{"id":5976,"date":"2025-11-23T09:21:15","date_gmt":"2025-11-23T08:21:15","guid":{"rendered":"https:\/\/monteagudo.info\/web\/?p=5976"},"modified":"2025-11-23T09:27:52","modified_gmt":"2025-11-23T08:27:52","slug":"el-nos-amo-primero-ano-jubilar-en-monteagudo","status":"publish","type":"post","link":"https:\/\/monteagudo.info\/web\/el-nos-amo-primero-ano-jubilar-en-monteagudo\/","title":{"rendered":"\u00ab\u00c9l nos am\u00f3 primero\u00bb, A\u00f1o Jubilar en Monteagudo"},"content":{"rendered":"<p>El obispo de Cartagena presidir\u00e1 este domingo, a las 12:00 horas, la misa de apertura del A\u00f1o Jubilar en la parroquia de Monteagudo.<\/p>\n<p>\u00c9l nos am\u00f3 primero, es el lema del A\u00f1o Jubilar que este domingo comienza en la Parroquia Nuestra Se\u00f1ora de la Antigua de Monteagudo (Murcia). Un tiempo jubilar concedido por el obispo de Cartagena, Mons. Jos\u00e9 Manuel Lorca Planes, para festejar el centenario de la consagraci\u00f3n de la Di\u00f3cesis de Cartagena al Sagrado Coraz\u00f3n de Jes\u00fas, y de la bendici\u00f3n y entronizaci\u00f3n del primer monumento diocesano sobre el cerro de Monteagudo por el entonces obispo de Cartagena, Mons. Vicente Alonso Salgado.<\/p>\n<p>Los requisitos para lucrar las indulgencias plenarias concedidas por la Penitenciar\u00eda Apost\u00f3lica de la Santa Sede son peregrinar a la Parroquia Nuestra Se\u00f1ora de la Antigua de Monteagudo, comuni\u00f3n eucar\u00edstica, confesi\u00f3n sacramental, rezar el Credo y orar por las intenciones del Papa.<\/p>\n<p>\u00abEste jubileo no es traer a la memoria el recuerdo de un hecho pasado y que podr\u00eda tener un valor cultural e hist\u00f3rico, sino que lo que queremos sobre todo es hacer nueva y hacer vida esa consagraci\u00f3n que ellos hicieron y que nosotros tambi\u00e9n ahora queremos hacer al coraz\u00f3n de Cristo\u00bb, se\u00f1ala el p\u00e1rroco de Monteagudo, Carlos Casero.<\/p>\n<p>Este jubileo tendr\u00e1 su apertura este domingo, 23 de noviembre, en la solemnidad de Jesucristo Rey del Universo, en la celebraci\u00f3n presidida por Mons. Lorca Planes, a las 12:00 horas. Tambi\u00e9n se podr\u00e1n lucrar las indulgencias plenarias los d\u00edas: Jueves Santo, 2 de abril de 2026, como d\u00eda en el que Cristo instituy\u00f3 su Sacramento de Amor; el 12 de junio, en la solemnidad del Sagrado Coraz\u00f3n de Jes\u00fas; el 9 de agosto, en la fiesta patronal de san Cayetano; el 31 de octubre, d\u00eda en el que se conmemora el centenario de la consagraci\u00f3n de la Di\u00f3cesis de Cartagena al Sagrado Coraz\u00f3n de Jes\u00fas; y en la clausura del A\u00f1o Jubilar, el 22 de noviembre, en la solemnidad de Jesucristo Rey del Universo.<\/p>\n<p>Adem\u00e1s de estos d\u00edas, tambi\u00e9n podr\u00e1n ganar el jubileo los fieles que, individualmente o en grupo, peregrinen a la Parroquia Nuestra Se\u00f1ora de la Antigua de Monteagudo y participen de los actos jubilares. Los primeros viernes de cada mes se realizar\u00e1 exposici\u00f3n del Sant\u00edsimo Sacramento desde las 9:00 a las 19:00 horas, cuando dar\u00e1 comienzo la celebraci\u00f3n de la Eucarist\u00eda; adem\u00e1s, a las 18:00 horas se realizar\u00e1 una reflexi\u00f3n en torno al Sagrado Coraz\u00f3n de Jes\u00fas. Asimismo, los \u00faltimos s\u00e1bados de cada mes, de 10:00 a 13:00 horas, se realizar\u00e1 un retiro para \u00abentrar en la propia intimidad\u00bb.<\/p>\n<p>\u00abTodos necesitamos, como lo m\u00e1s esencial de nuestra vida, descubrir este Amor que est\u00e1 con los brazos abiertos, con el coraz\u00f3n abierto; esper\u00e1ndonos para acogernos; para reparar nuestra vida; para sanar nuestra memoria con el signo del amor; y para descubrir en sus heridas, las heridas del coraz\u00f3n de Cristo, nuestras heridas sanadas, resucitadas\u00bb.<\/p>\n<p>Se puede leer la entrevista completa a Carlos Casero, p\u00e1rroco de Nuestra Se\u00f1ora la Antigua de Monteagudo, en la revista <a href=\"https:\/\/diocesisdecartagena.org\/publicaciones\/nuestra-iglesia-587\/\">Nuestra Iglesia de esta semana<\/a>.<\/p>\n<p><a href=\"https:\/\/diocesisdecartagena.org\/wp-content\/uploads\/Cuaderno-El-nos-amo-primero.pdf\">\u00c9l nos am\u00f3 primero, reflexi\u00f3n en torno al Centenario de la Consagraci\u00f3n de la Di\u00f3cesis de Cartagena y la Inauguraci\u00f3n del Monumento en Monteagudo<\/a><\/p>\n<p><img loading=\"lazy\" decoding=\"async\" class=\"aligncenter size-full wp-image-5981\" src=\"https:\/\/monteagudo.info\/web\/wp-content\/uploads\/2025\/11\/Jubilar-2025-Flyer.jpeg\" alt=\"\" width=\"1638\" height=\"2048\" srcset=\"https:\/\/monteagudo.info\/web\/wp-content\/uploads\/2025\/11\/Jubilar-2025-Flyer.jpeg 1638w, https:\/\/monteagudo.info\/web\/wp-content\/uploads\/2025\/11\/Jubilar-2025-Flyer-240x300.jpeg 240w, https:\/\/monteagudo.info\/web\/wp-content\/uploads\/2025\/11\/Jubilar-2025-Flyer-819x1024.jpeg 819w, https:\/\/monteagudo.info\/web\/wp-content\/uploads\/2025\/11\/Jubilar-2025-Flyer-768x960.jpeg 768w, https:\/\/monteagudo.info\/web\/wp-content\/uploads\/2025\/11\/Jubilar-2025-Flyer-1229x1536.jpeg 1229w, https:\/\/monteagudo.info\/web\/wp-content\/uploads\/2025\/11\/Jubilar-2025-Flyer-555x694.jpeg 555w\" sizes=\"auto, (max-width: 1638px) 100vw, 1638px\" \/><\/p>\n","protected":false},"excerpt":{"rendered":"<p>El obispo de Cartagena presidir\u00e1 este domingo, a las 12:00 horas, la misa de apertura del A\u00f1o Jubilar en la parroquia de Monteagudo.<\/p><p><a class=\"more-link btn\" href=\"https:\/\/monteagudo.info\/web\/el-nos-amo-primero-ano-jubilar-en-monteagudo\/\">Seguir leyendo<\/a><\/p>\n","protected":false},"author":2,"featured_media":5977,"comment_status":"open","ping_status":"open","sticky":false,"template":"","format":"standard","meta":{"_jetpack_memberships_contains_paid_content":false,"footnotes":""},"categories":[1],"tags":[221,115],"class_list":["post-5976","post","type-post","status-publish","format-standard","has-post-thumbnail","hentry","category-noticias","tag-ano-jubilar","tag-tradiciones","nodate","item-wrap"],"jetpack_featured_media_url":"https:\/\/monteagudo.info\/web\/wp-content\/uploads\/2025\/11\/Cristo-de-Monteagudo-WEB.webp","jetpack_sharing_enabled":true,"_links":{"self":[{"href":"https:\/\/monteagudo.info\/web\/wp-json\/wp\/v2\/posts\/5976","targetHints":{"allow":["GET"]}}],"collection":[{"href":"https:\/\/monteagudo.info\/web\/wp-json\/wp\/v2\/posts"}],"about":[{"href":"https:\/\/monteagudo.info\/web\/wp-json\/wp\/v2\/types\/post"}],"author":[{"embeddable":true,"href":"https:\/\/monteagudo.info\/web\/wp-json\/wp\/v2\/users\/2"}],"replies":[{"embeddable":true,"href":"https:\/\/monteagudo.info\/web\/wp-json\/wp\/v2\/comments?post=5976"}],"version-history":[{"count":3,"href":"https:\/\/monteagudo.info\/web\/wp-json\/wp\/v2\/posts\/5976\/revisions"}],"predecessor-version":[{"id":5982,"href":"https:\/\/monteagudo.info\/web\/wp-json\/wp\/v2\/posts\/5976\/revisions\/5982"}],"wp:featuredmedia":[{"embeddable":true,"href":"https:\/\/monteagudo.info\/web\/wp-json\/wp\/v2\/media\/5977"}],"wp:attachment":[{"href":"https:\/\/monteagudo.info\/web\/wp-json\/wp\/v2\/media?parent=5976"}],"wp:term":[{"taxonomy":"category","embeddable":true,"href":"https:\/\/monteagudo.info\/web\/wp-json\/wp\/v2\/categories?post=5976"},{"taxonomy":"post_tag","embeddable":true,"href":"https:\/\/monteagudo.info\/web\/wp-json\/wp\/v2\/tags?post=5976"}],"curies":[{"name":"wp","href":"https:\/\/api.w.org\/{rel}","templated":true}]}}