{"id":5984,"date":"2025-12-04T20:51:02","date_gmt":"2025-12-04T19:51:02","guid":{"rendered":"https:\/\/monteagudo.info\/web\/?p=5984"},"modified":"2025-12-04T20:58:39","modified_gmt":"2025-12-04T19:58:39","slug":"encendido-navideno-en-monteagudo-la-luz-que-nos-une","status":"publish","type":"post","link":"https:\/\/monteagudo.info\/web\/encendido-navideno-en-monteagudo-la-luz-que-nos-une\/","title":{"rendered":"Encendido Navide\u00f1o en Monteagudo: \u201cLa luz que nos une\u201d"},"content":{"rendered":"<p>La Junta Municipal de Monteagudo invita a toda la ciudadan\u00eda a participar en el tradicional acto de <strong>encendido navide\u00f1o<\/strong>, que este a\u00f1o se celebrar\u00e1 el <strong>s\u00e1bado 7 de diciembre a las 17:30 horas<\/strong>, en la <strong>Plaza de la Constituci\u00f3n<\/strong>.<\/p>\n<p>Bajo el lema <strong>\u201cLa luz que nos une\u201d<\/strong>, la jornada propone un espacio de encuentro comunitario para dar la bienvenida a la Navidad a trav\u00e9s de actividades dirigidas a todas las edades. Entre las propuestas previstas destacan:<\/p>\n<ul>\n<li><strong>Actuaci\u00f3n musical familiar<\/strong><\/li>\n<li><strong>Talleres familiares<\/strong><\/li>\n<li><strong>Juegos populares<\/strong><\/li>\n<li><strong>Ambiente musical durante toda la tarde<\/strong><\/li>\n<li><strong>Reparto de flores y luces<\/strong> (hasta agotar existencias)<\/li>\n<\/ul>\n<p>Adem\u00e1s, se contar\u00e1 con un <strong>cuento m\u00e1gico<\/strong> especialmente creado para esta edici\u00f3n, pensado para disfrutar en familia y compartir el esp\u00edritu festivo propio de estas fechas.<\/p>\n<h2>Inauguraci\u00f3n del Bel\u00e9n en La Cueva<\/h2>\n<p>Como continuaci\u00f3n, el domingo 8 de diciembre, en La Cueva, tendr\u00e1 lugar la inauguraci\u00f3n del Bel\u00e9n, en la Ermita. La Comisi\u00f3n de Fiestas ha preparado una jornada con actividades y animaci\u00f3n para el disfrute de peque\u00f1os y mayores:<\/p>\n<ul>\n<li>Inauguraci\u00f3n del Bel\u00e9n<\/li>\n<li>Taller de adornos navide\u00f1os<\/li>\n<li>Souvenir Comisi\u00f3n<\/li>\n<li>Dulces de Navidad y vino viejo<\/li>\n<li>Flor de Pascua (hasta fin de existencias)<\/li>\n<\/ul>\n<p>Desde la Junta Municipal animamos a vecinos y visitantes a participar en estas celebraciones y a disfrutar juntos de este inicio de la Navidad en la pedan\u00eda.<\/p>\n<p><img loading=\"lazy\" decoding=\"async\" class=\"aligncenter size-full wp-image-5985\" src=\"https:\/\/monteagudo.info\/web\/wp-content\/uploads\/2025\/12\/encendido-2025.jpeg\" alt=\"\" width=\"1430\" height=\"2045\" srcset=\"https:\/\/monteagudo.info\/web\/wp-content\/uploads\/2025\/12\/encendido-2025.jpeg 1430w, https:\/\/monteagudo.info\/web\/wp-content\/uploads\/2025\/12\/encendido-2025-210x300.jpeg 210w, https:\/\/monteagudo.info\/web\/wp-content\/uploads\/2025\/12\/encendido-2025-716x1024.jpeg 716w, https:\/\/monteagudo.info\/web\/wp-content\/uploads\/2025\/12\/encendido-2025-768x1098.jpeg 768w, https:\/\/monteagudo.info\/web\/wp-content\/uploads\/2025\/12\/encendido-2025-1074x1536.jpeg 1074w, https:\/\/monteagudo.info\/web\/wp-content\/uploads\/2025\/12\/encendido-2025-555x794.jpeg 555w\" sizes=\"auto, (max-width: 1430px) 100vw, 1430px\" \/><img loading=\"lazy\" decoding=\"async\" class=\"aligncenter size-full wp-image-5988\" src=\"https:\/\/monteagudo.info\/web\/wp-content\/uploads\/2025\/12\/inauguracion-belen-la-cueva.jpg\" alt=\"\" width=\"1483\" height=\"2048\" srcset=\"https:\/\/monteagudo.info\/web\/wp-content\/uploads\/2025\/12\/inauguracion-belen-la-cueva.jpg 1483w, https:\/\/monteagudo.info\/web\/wp-content\/uploads\/2025\/12\/inauguracion-belen-la-cueva-217x300.jpg 217w, https:\/\/monteagudo.info\/web\/wp-content\/uploads\/2025\/12\/inauguracion-belen-la-cueva-742x1024.jpg 742w, https:\/\/monteagudo.info\/web\/wp-content\/uploads\/2025\/12\/inauguracion-belen-la-cueva-768x1061.jpg 768w, https:\/\/monteagudo.info\/web\/wp-content\/uploads\/2025\/12\/inauguracion-belen-la-cueva-1112x1536.jpg 1112w, https:\/\/monteagudo.info\/web\/wp-content\/uploads\/2025\/12\/inauguracion-belen-la-cueva-555x766.jpg 555w\" sizes=\"auto, (max-width: 1483px) 100vw, 1483px\" \/><\/p>\n","protected":false},"excerpt":{"rendered":"<p>Bajo el lema \u201cLa luz que nos une\u201d, la jornada propone un espacio de encuentro comunitario para dar la bienvenida a la Navidad a trav\u00e9s de actividades dirigidas a todas las edades.<\/p><p><a class=\"more-link btn\" href=\"https:\/\/monteagudo.info\/web\/encendido-navideno-en-monteagudo-la-luz-que-nos-une\/\">Seguir leyendo<\/a><\/p>\n","protected":false},"author":2,"featured_media":5985,"comment_status":"open","ping_status":"open","sticky":false,"template":"","format":"standard","meta":{"_jetpack_memberships_contains_paid_content":false,"footnotes":""},"categories":[1],"tags":[160],"class_list":["post-5984","post","type-post","status-publish","format-standard","has-post-thumbnail","hentry","category-noticias","tag-navidad","nodate","item-wrap"],"jetpack_featured_media_url":"https:\/\/monteagudo.info\/web\/wp-content\/uploads\/2025\/12\/encendido-2025.jpeg","jetpack_sharing_enabled":true,"_links":{"self":[{"href":"https:\/\/monteagudo.info\/web\/wp-json\/wp\/v2\/posts\/5984","targetHints":{"allow":["GET"]}}],"collection":[{"href":"https:\/\/monteagudo.info\/web\/wp-json\/wp\/v2\/posts"}],"about":[{"href":"https:\/\/monteagudo.info\/web\/wp-json\/wp\/v2\/types\/post"}],"author":[{"embeddable":true,"href":"https:\/\/monteagudo.info\/web\/wp-json\/wp\/v2\/users\/2"}],"replies":[{"embeddable":true,"href":"https:\/\/monteagudo.info\/web\/wp-json\/wp\/v2\/comments?post=5984"}],"version-history":[{"count":4,"href":"https:\/\/monteagudo.info\/web\/wp-json\/wp\/v2\/posts\/5984\/revisions"}],"predecessor-version":[{"id":5990,"href":"https:\/\/monteagudo.info\/web\/wp-json\/wp\/v2\/posts\/5984\/revisions\/5990"}],"wp:featuredmedia":[{"embeddable":true,"href":"https:\/\/monteagudo.info\/web\/wp-json\/wp\/v2\/media\/5985"}],"wp:attachment":[{"href":"https:\/\/monteagudo.info\/web\/wp-json\/wp\/v2\/media?parent=5984"}],"wp:term":[{"taxonomy":"category","embeddable":true,"href":"https:\/\/monteagudo.info\/web\/wp-json\/wp\/v2\/categories?post=5984"},{"taxonomy":"post_tag","embeddable":true,"href":"https:\/\/monteagudo.info\/web\/wp-json\/wp\/v2\/tags?post=5984"}],"curies":[{"name":"wp","href":"https:\/\/api.w.org\/{rel}","templated":true}]}}