{"id":6048,"date":"2026-04-13T23:33:39","date_gmt":"2026-04-13T21:33:39","guid":{"rendered":"https:\/\/monteagudo.info\/web\/?p=6048"},"modified":"2026-04-13T23:51:10","modified_gmt":"2026-04-13T21:51:10","slug":"carrera-3castillos-2026","status":"publish","type":"post","link":"https:\/\/monteagudo.info\/web\/carrera-3castillos-2026\/","title":{"rendered":"VI Carrera \u00abLos 3 Castillos de Monteagudo\u00bb"},"content":{"rendered":"<p><img loading=\"lazy\" decoding=\"async\" class=\"aligncenter size-full wp-image-5401\" src=\"https:\/\/monteagudo.info\/web\/wp-content\/uploads\/2023\/04\/carrera3castillos4-2023-cabeceraweb-e1744960639879.jpg\" alt=\"\" width=\"1600\" height=\"904\" srcset=\"https:\/\/monteagudo.info\/web\/wp-content\/uploads\/2023\/04\/carrera3castillos4-2023-cabeceraweb-e1744960639879.jpg 1600w, https:\/\/monteagudo.info\/web\/wp-content\/uploads\/2023\/04\/carrera3castillos4-2023-cabeceraweb-e1744960639879-300x170.jpg 300w, https:\/\/monteagudo.info\/web\/wp-content\/uploads\/2023\/04\/carrera3castillos4-2023-cabeceraweb-e1744960639879-1024x579.jpg 1024w, https:\/\/monteagudo.info\/web\/wp-content\/uploads\/2023\/04\/carrera3castillos4-2023-cabeceraweb-e1744960639879-768x434.jpg 768w, https:\/\/monteagudo.info\/web\/wp-content\/uploads\/2023\/04\/carrera3castillos4-2023-cabeceraweb-e1744960639879-1536x868.jpg 1536w, https:\/\/monteagudo.info\/web\/wp-content\/uploads\/2023\/04\/carrera3castillos4-2023-cabeceraweb-e1744960639879-555x314.jpg 555w\" sizes=\"auto, (max-width: 1600px) 100vw, 1600px\" \/><\/p>\n<p style=\"text-align: justify;\">El Ayuntamiento de Murcia y la Junta Municipal de Monteagudo organizan la VI edici\u00f3n de la carrera popular \u00abLos 3 Castillos de Monteagudo\u00bb con un recorrido por las Fortalezas del Rey Lobo, un paseo por la historia.<\/p>\n<p>Se celebrar\u00e1 el 26 de abril de 2026, con salida por la ma\u00f1ana desde el Centro de Visitantes de Monteagudo y finalizaci\u00f3n en la Explanada del Castillo en un final con subida \u00e9pico. Una carrera para disfrutar de nuestro patrimonio con un recorrido de 7.5k entre huerta y fortalezas medievales.<\/p>\n<p>A trav\u00e9s de este recorrido pasaremos los principales puntos de inter\u00e9s de nuestra pedan\u00eda; los 3 castillos (el de Monteagudo, el \u201cCastillejo\u201d y Larache), pero adem\u00e1s se pasar\u00e1 por las dos albercas medievales, el huerto hondo y el \u201calberc\u00f3n\u201d, se bordear\u00e1 la red de riego a trav\u00e9s de acequias hist\u00f3ricas, atravesaremos la m\u00edtica cantera de La Cueva, y el antiguo lavadero p\u00fablico de la Fuente de San Jos\u00e9. Todo conectado por caminos rodeados de huerta.<\/p>\n<div dir=\"auto\"><span class=\"x3nfvp2 x1j61x8r x1fcty0u xdj266r xhhsvwb xat24cr xgzva0m xxymvpz xlup9mm x1kky2od\"><img loading=\"lazy\" decoding=\"async\" src=\"https:\/\/static.xx.fbcdn.net\/images\/emoji.php\/v9\/tb5\/1.5\/16\/1f5d3.png\" alt=\"&#x1f5d3;\" width=\"16\" height=\"16\" \/> 26 de abril<\/span>. Salida 9:30 horas (senderistas 9:00 horas)<\/div>\n<div dir=\"auto\"><span class=\"x3nfvp2 x1j61x8r x1fcty0u xdj266r xhhsvwb xat24cr xgzva0m xxymvpz xlup9mm x1kky2od\"><img loading=\"lazy\" decoding=\"async\" src=\"https:\/\/static.xx.fbcdn.net\/images\/emoji.php\/v9\/tf6\/1.5\/16\/1f45f.png\" alt=\"&#x1f45f;\" width=\"16\" height=\"16\" \/> 7.5 K <\/span>Modalidades runner y senderista<\/div>\n<div dir=\"auto\"><span class=\"x3nfvp2 x1j61x8r x1fcty0u xdj266r xhhsvwb xat24cr xgzva0m xxymvpz xlup9mm x1kky2od\"><img loading=\"lazy\" decoding=\"async\" src=\"https:\/\/static.xx.fbcdn.net\/images\/emoji.php\/v9\/t31\/1.5\/16\/1f39f.png\" alt=\"&#x1f39f;\" width=\"16\" height=\"16\" \/> <\/span>Inscripciones 5\u20ac (Incluye dorsal+chip, bolsa del corredor y avituallamiento)<\/div>\n<div class=\"x11i5rnm xat24cr x1mh8g0r x1vvkbs xtlvy1s x126k92a\">\n<h4 dir=\"auto\">Consulta el track* <span class=\"x3nfvp2 x1j61x8r x1fcty0u xdj266r xhhsvwb xat24cr xgzva0m xxymvpz xlup9mm x1kky2od\"><img loading=\"lazy\" decoding=\"async\" src=\"https:\/\/static.xx.fbcdn.net\/images\/emoji.php\/v9\/t4f\/1\/16\/1f447.png\" alt=\"&#x1f447;\" width=\"16\" height=\"16\" \/><\/span><\/h4>\n<p dir=\"auto\"><a href=\"https:\/\/www.mapmyrun.com\/routes\/view\/6498454375\/\">https:\/\/www.mapmyrun.com\/routes\/view\/6498454375\/<\/a><br \/>\n* Puede sufrir cambios<\/p>\n<h3>Inscripciones<\/h3>\n<\/div>\n<p><a href=\"https:\/\/www.babelsport.com\/evento\/tres-castillos-monteagudo-2026\/\" target=\"_blank\" rel=\"noopener\">https:\/\/www.babelsport.com\/evento\/tres-castillos-monteagudo-2026\/<\/a><\/p>\n<h3 dir=\"auto\"><strong>Reglamento<\/strong><\/h3>\n<p><a href=\"https:\/\/www.babelsport.com\/evento\/tres-castillos-monteagudo-2026\/Reglamento\/\" target=\"_blank\" rel=\"noopener\">https:\/\/www.babelsport.com\/evento\/tres-castillos-monteagudo-2026\/Reglamento\/<\/a><\/p>\n<p><img loading=\"lazy\" decoding=\"async\" class=\"aligncenter size-full wp-image-6045\" src=\"https:\/\/monteagudo.info\/web\/wp-content\/uploads\/2026\/04\/Cartel-Carrera-2026-1.jpe\" alt=\"\" width=\"920\" height=\"1290\" srcset=\"https:\/\/monteagudo.info\/web\/wp-content\/uploads\/2026\/04\/Cartel-Carrera-2026-1.jpe 920w, https:\/\/monteagudo.info\/web\/wp-content\/uploads\/2026\/04\/Cartel-Carrera-2026-1-214x300.jpe 214w, https:\/\/monteagudo.info\/web\/wp-content\/uploads\/2026\/04\/Cartel-Carrera-2026-1-730x1024.jpe 730w, https:\/\/monteagudo.info\/web\/wp-content\/uploads\/2026\/04\/Cartel-Carrera-2026-1-768x1077.jpe 768w, https:\/\/monteagudo.info\/web\/wp-content\/uploads\/2026\/04\/Cartel-Carrera-2026-1-555x778.jpe 555w\" sizes=\"auto, (max-width: 920px) 100vw, 920px\" \/><\/p>\n","protected":false},"excerpt":{"rendered":"<\/p>\n<p style=\"text-align: justify;\">El Ayuntamiento de Murcia y la Junta Municipal de Monteagudo organizan la VI edici\u00f3n de la carrera popular \u00abLos 3 Castillos de Monteagudo\u00bb con un recorrido por las Fortalezas del Rey Lobo, un paseo por la historia.<\/p>\n<p>Se celebrar\u00e1 el 26 de abril de 2026, con salida por la ma\u00f1ana desde el &hellip; <\/p>\n<p><a class=\"more-link btn\" href=\"https:\/\/monteagudo.info\/web\/carrera-3castillos-2026\/\">Seguir leyendo<\/a><\/p>\n","protected":false},"author":2,"featured_media":6045,"comment_status":"closed","ping_status":"open","sticky":false,"template":"","format":"standard","meta":{"_jetpack_memberships_contains_paid_content":false,"footnotes":""},"categories":[1],"tags":[90,74],"class_list":["post-6048","post","type-post","status-publish","format-standard","has-post-thumbnail","hentry","category-noticias","tag-carrera","tag-deporte","nodate","item-wrap"],"jetpack_featured_media_url":"https:\/\/monteagudo.info\/web\/wp-content\/uploads\/2026\/04\/Cartel-Carrera-2026-1.jpe","jetpack_sharing_enabled":true,"_links":{"self":[{"href":"https:\/\/monteagudo.info\/web\/wp-json\/wp\/v2\/posts\/6048","targetHints":{"allow":["GET"]}}],"collection":[{"href":"https:\/\/monteagudo.info\/web\/wp-json\/wp\/v2\/posts"}],"about":[{"href":"https:\/\/monteagudo.info\/web\/wp-json\/wp\/v2\/types\/post"}],"author":[{"embeddable":true,"href":"https:\/\/monteagudo.info\/web\/wp-json\/wp\/v2\/users\/2"}],"replies":[{"embeddable":true,"href":"https:\/\/monteagudo.info\/web\/wp-json\/wp\/v2\/comments?post=6048"}],"version-history":[{"count":7,"href":"https:\/\/monteagudo.info\/web\/wp-json\/wp\/v2\/posts\/6048\/revisions"}],"predecessor-version":[{"id":6055,"href":"https:\/\/monteagudo.info\/web\/wp-json\/wp\/v2\/posts\/6048\/revisions\/6055"}],"wp:featuredmedia":[{"embeddable":true,"href":"https:\/\/monteagudo.info\/web\/wp-json\/wp\/v2\/media\/6045"}],"wp:attachment":[{"href":"https:\/\/monteagudo.info\/web\/wp-json\/wp\/v2\/media?parent=6048"}],"wp:term":[{"taxonomy":"category","embeddable":true,"href":"https:\/\/monteagudo.info\/web\/wp-json\/wp\/v2\/categories?post=6048"},{"taxonomy":"post_tag","embeddable":true,"href":"https:\/\/monteagudo.info\/web\/wp-json\/wp\/v2\/tags?post=6048"}],"curies":[{"name":"wp","href":"https:\/\/api.w.org\/{rel}","templated":true}]}}