{"id":714,"date":"2013-03-10T13:25:38","date_gmt":"2013-03-10T12:25:38","guid":{"rendered":"http:\/\/www.monteagudo.info\/web\/?p=714"},"modified":"2013-03-13T19:52:31","modified_gmt":"2013-03-13T18:52:31","slug":"pleno-junta-municipal-monteagudo-septiemnbre-2012","status":"publish","type":"post","link":"https:\/\/monteagudo.info\/web\/pleno-junta-municipal-monteagudo-septiemnbre-2012\/","title":{"rendered":"Pleno Junta Municipal Monteagudo. Marzo 2013"},"content":{"rendered":"<h2><strong>CONVOCATORIA PLENO ORDINARIO<\/strong><\/h2>\n<p>Por la presente se convoca al Pleno ORDINARIO de la Junta Municipal de Monteagudo, que tendr\u00e1 lugar el MIERCOLES, 13 DE MARZO DE 2013, a las 21:30 horas en primera convocatoria, en el <span style=\"text-decoration: underline;\">SAL\u00d3N DE PLENOS de esta Junta Municipal, sito en Avd. Constituci\u00f3n n\u00ba 6.<\/span><br \/>\nEn caso de no existir qu\u00f3rum suficiente <strong><span style=\"text-decoration: underline;\">se convoca a las 22:00 horas<\/span> en segunda convocatoria<\/strong>, de conformidad con lo establecido en el art. 48 del Reglamento de Participaci\u00f3n Ciudadana y Distritos, aprobado con fecha 16 de marzo de 2005 por el Pleno del Ayuntamiento.<\/p>\n<p>&nbsp;<\/p>\n<p><span style=\"text-decoration: underline;\"><strong>ORDEN DEL DIA<\/strong><\/span><br \/>\n<strong>PRIMERO.-<\/strong> LECTURA Y APROBACI\u00d3N DE LAS ACTAS DE SESIONES ANTERIORES.<br \/>\n<a href=\"http:\/\/monteagudo.info\/web\/wp-content\/uploads\/2012\/09\/ACTA-EXTRAORDINARIO-20130116_.pdf\">ACTA EXTRAORDINARIO 2013-01-16<\/a><br \/>\n<a href=\"http:\/\/monteagudo.info\/web\/wp-content\/uploads\/2012\/09\/ACTA-ORDINARIO-20130116.pdf\">ACTA ORDINARIO 2013-01-16<\/a><\/p>\n<p><strong>SEGUNDO.-<\/strong> INFORME DEL PRESIDENTE.<\/p>\n<p><strong>TERCERO.-<\/strong> <a href=\"http:\/\/monteagudo.info\/web\/wp-content\/uploads\/2013\/03\/MOCI\u00d3N-CONVENIO-COLABORACI\u00d3N-ASUNTO-SOCIALES-PENITENCIARIOS.pdf\" target=\"_blank\">MOCI\u00d3N RELATIVA A LA REALIZACI\u00d3N DE UN CONVENIO DE COLABORACI\u00d3N CON SERVICIOS SOCIALES DE INSTITUCIONES PENITENCIARIAS PARA AUMENTAR LA COOPERACI\u00d3N EN RELACI\u00d3N A TRABAJOS DE MANTENIMIENTO DEL PATRIMONIO HIST\u00d3RICO.<\/a><\/p>\n<p><strong>CUARTO.&#8211;<\/strong> <a href=\"http:\/\/monteagudo.info\/web\/wp-content\/uploads\/2013\/03\/MOCI\u00d3NNECESIDAD-ADQUIRIR-LOCAL-AMPLICI\u00d3N-COLEGIO-MONTEAGUDO.pdf\" target=\"_blank\">MOCI\u00d3N RELATIVA A LA NECESIDAD DE ADQUIRIR LOCAL COMERCIAL PARA AMPLICI\u00d3N DEL C.E.I.P. VIRGEN DE LA ANTIGUA DE MONTEAGUDO.<\/a><\/p>\n<p><strong>QUINTA.\u2014<\/strong>INFORME Y APROBACI\u00d3N DE GASTOS MENORES.<\/p>\n<p><strong>SEXTO.-<\/strong> RUEGOS Y PREGUNTAS.<\/p>\n<p>&nbsp;<\/p>\n<p>Monteagudo, 8 de marzo de 2013<br \/>\nEL PRESIDENTE DE LA JUNTA<br \/>\nFdo.: Marco Antonio Fern\u00e1ndez Esteban<\/p>\n<p>&nbsp;<\/p>\n<p>&nbsp;<\/p>\n<p>&nbsp;<\/p>\n","protected":false},"excerpt":{"rendered":"<p>CONVOCATORIA PLENO ORDINARIO <\/p>\n<p>Por la presente se convoca al Pleno ORDINARIO de la Junta Municipal de Monteagudo, que tendr\u00e1 lugar el MIERCOLES, 13 DE MARZO DE 2013, a las 21:30 horas en primera convocatoria, en el SAL\u00d3N DE PLENOS de esta Junta Municipal, sito en Avd. Constituci\u00f3n n\u00ba 6.<br \/> En caso de no existir &hellip; <\/p>\n<p><a class=\"more-link btn\" href=\"https:\/\/monteagudo.info\/web\/pleno-junta-municipal-monteagudo-septiemnbre-2012\/\">Seguir leyendo<\/a><\/p>\n","protected":false},"author":2,"featured_media":0,"comment_status":"open","ping_status":"open","sticky":false,"template":"","format":"standard","meta":{"_jetpack_memberships_contains_paid_content":false,"footnotes":""},"categories":[1],"tags":[],"class_list":["post-714","post","type-post","status-publish","format-standard","hentry","category-noticias","nodate","item-wrap"],"jetpack_featured_media_url":"","jetpack_sharing_enabled":true,"_links":{"self":[{"href":"https:\/\/monteagudo.info\/web\/wp-json\/wp\/v2\/posts\/714","targetHints":{"allow":["GET"]}}],"collection":[{"href":"https:\/\/monteagudo.info\/web\/wp-json\/wp\/v2\/posts"}],"about":[{"href":"https:\/\/monteagudo.info\/web\/wp-json\/wp\/v2\/types\/post"}],"author":[{"embeddable":true,"href":"https:\/\/monteagudo.info\/web\/wp-json\/wp\/v2\/users\/2"}],"replies":[{"embeddable":true,"href":"https:\/\/monteagudo.info\/web\/wp-json\/wp\/v2\/comments?post=714"}],"version-history":[{"count":15,"href":"https:\/\/monteagudo.info\/web\/wp-json\/wp\/v2\/posts\/714\/revisions"}],"predecessor-version":[{"id":791,"href":"https:\/\/monteagudo.info\/web\/wp-json\/wp\/v2\/posts\/714\/revisions\/791"}],"wp:attachment":[{"href":"https:\/\/monteagudo.info\/web\/wp-json\/wp\/v2\/media?parent=714"}],"wp:term":[{"taxonomy":"category","embeddable":true,"href":"https:\/\/monteagudo.info\/web\/wp-json\/wp\/v2\/categories?post=714"},{"taxonomy":"post_tag","embeddable":true,"href":"https:\/\/monteagudo.info\/web\/wp-json\/wp\/v2\/tags?post=714"}],"curies":[{"name":"wp","href":"https:\/\/api.w.org\/{rel}","templated":true}]}}