{"id":87,"date":"2012-02-28T22:23:55","date_gmt":"2012-02-28T21:23:55","guid":{"rendered":"http:\/\/monteagudo.info\/web\/?p=87"},"modified":"2012-03-25T10:47:07","modified_gmt":"2012-03-25T08:47:07","slug":"pregon-de-semana-santa-de-monteagudo-a-cargo-de-d-alberto-castillo-banos","status":"publish","type":"post","link":"https:\/\/monteagudo.info\/web\/pregon-de-semana-santa-de-monteagudo-a-cargo-de-d-alberto-castillo-banos\/","title":{"rendered":"Preg\u00f3n de Semana Santa de Monteagudo a cargo de D. Alberto Castillo Ba\u00f1os"},"content":{"rendered":"<div><em><strong>ACTOS DE PRESENTACI\u00d3N DE LA<\/strong><\/em>\u00a0<em><strong>SEMANA SANTA EN MONTEAGUDO<\/strong><\/em><\/div>\n<div><em><strong><span style=\"text-decoration: underline;\">Preg\u00f3n a cargo de D. Alberto Castillo Ba\u00f1os.\u00a0<\/span>Director regional de contenidos e informativos de la Cadena SER<\/strong><\/em><\/div>\n<div><\/div>\n<div><em><strong><span style=\"text-decoration: underline;\">S\u00e1bado, 3 de marzo de 2012 a las 19<\/span><\/strong><\/em><strong><span style=\"text-decoration: underline;\">\u00a0h.<\/span><\/strong><\/div>\n<div>Orden del acto:<\/div>\n<div><span style=\"text-decoration: underline;\">Solemne\u00a0 Descendimiento del<\/span><strong>\u00a0S<\/strong><strong>tmo. Cristo del Calvario.<\/strong><\/div>\n<div><\/div>\n<div><span style=\"text-decoration: underline;\">Celebraci\u00f3n de la Eucarist\u00eda<\/span><\/div>\n<div><strong>Preside D. Jos\u00e9 Luis Riquelme, consiliario de la Cofrad\u00eda<\/strong><\/div>\n<div>Ofrenda de los signos de la Pasi\u00f3n y Alimentos para Caritas.<\/div>\n<div><span style=\"text-decoration: underline;\">Preg\u00f3n de Semana Santa<\/span><\/div>\n<div>A cargo del periodista,\u00a0 director regional de contenidos e informativos de la Cadena SER en la Regi\u00f3n de Murcia y Cofrade<\/div>\n<div><strong>D. Alberto Castillo Ba\u00f1os<\/strong><strong>.<\/strong><\/div>\n<div align=\"center\"><\/div>\n<div><strong><span style=\"text-decoration: underline;\">Presentaci\u00f3n del cartel de Semana Santa de Monteagudo 2012<\/span><\/strong><\/div>\n<div><\/div>\n<div><\/div>\n<div>NOTAS:<\/div>\n<div>Anteriores pregoneros de la Semana Santa de Monteagudo:<\/div>\n<div>2006 \u00a0\u00a0\u00a0<strong>D. Antonio Vicente Frey S\u00e1nchez.<\/strong>\u00a0 Historiador.<\/div>\n<div>2007 \u00a0\u00a0\u00a0<strong>D\u00f1a.\u00a0 M\u00aa Teresa Mar\u00edn Torres<\/strong>.\u00a0 Directora del Museo Salzillo de Murcia<\/div>\n<div>2008 \u00a0\u00a0\u00a0<strong>D. Rodrigo Alfonso Borrega Fern\u00e1ndez<\/strong>, Director General de Medio Natural<\/div>\n<div>2009\u00a0\u00a0\u00a0\u00a0<strong>D. Jos\u00e9 Ballesta Germ\u00e1n<\/strong>, Consejero de Obras P\u00fablicas de Murcia<\/div>\n<div>2010 \u00a0\u00a0\u00a0<strong>D. Ram\u00f3n Luis Valc\u00e1rcel Siso.<\/strong>\u00a0Presidente de la Regi\u00f3n de Murcia<\/div>\n<div>2011 \u00a0\u00a0\u00a0<strong>D. Miguel \u00c1ngel C\u00e1mara Bot\u00eda<\/strong>, Alcalde de la Ciudad de Murcia.<\/div>\n<div>(Figura el cargo que ostentaban en el momento del preg\u00f3n)<\/div>\n","protected":false},"excerpt":{"rendered":"<p>ACTOS DE PRESENTACI\u00d3N DE LA\u00a0SEMANA SANTA EN MONTEAGUDO Preg\u00f3n a cargo de D. Alberto Castillo Ba\u00f1os.\u00a0Director regional de contenidos e informativos de la Cadena SER S\u00e1bado, 3 de marzo de 2012 a las 19\u00a0h. Orden del acto: Solemne\u00a0 Descendimiento del\u00a0Stmo. Cristo del Calvario. Celebraci\u00f3n de la Eucarist\u00eda Preside D. Jos\u00e9 Luis Riquelme, consiliario de la &hellip; <\/p>\n<p><a class=\"more-link btn\" href=\"https:\/\/monteagudo.info\/web\/pregon-de-semana-santa-de-monteagudo-a-cargo-de-d-alberto-castillo-banos\/\">Seguir leyendo<\/a><\/p>\n","protected":false},"author":1,"featured_media":0,"comment_status":"open","ping_status":"open","sticky":false,"template":"","format":"standard","meta":{"_jetpack_memberships_contains_paid_content":false,"footnotes":""},"categories":[1],"tags":[],"class_list":["post-87","post","type-post","status-publish","format-standard","hentry","category-noticias","nodate","item-wrap"],"jetpack_featured_media_url":"","jetpack_sharing_enabled":true,"_links":{"self":[{"href":"https:\/\/monteagudo.info\/web\/wp-json\/wp\/v2\/posts\/87","targetHints":{"allow":["GET"]}}],"collection":[{"href":"https:\/\/monteagudo.info\/web\/wp-json\/wp\/v2\/posts"}],"about":[{"href":"https:\/\/monteagudo.info\/web\/wp-json\/wp\/v2\/types\/post"}],"author":[{"embeddable":true,"href":"https:\/\/monteagudo.info\/web\/wp-json\/wp\/v2\/users\/1"}],"replies":[{"embeddable":true,"href":"https:\/\/monteagudo.info\/web\/wp-json\/wp\/v2\/comments?post=87"}],"version-history":[{"count":4,"href":"https:\/\/monteagudo.info\/web\/wp-json\/wp\/v2\/posts\/87\/revisions"}],"predecessor-version":[{"id":136,"href":"https:\/\/monteagudo.info\/web\/wp-json\/wp\/v2\/posts\/87\/revisions\/136"}],"wp:attachment":[{"href":"https:\/\/monteagudo.info\/web\/wp-json\/wp\/v2\/media?parent=87"}],"wp:term":[{"taxonomy":"category","embeddable":true,"href":"https:\/\/monteagudo.info\/web\/wp-json\/wp\/v2\/categories?post=87"},{"taxonomy":"post_tag","embeddable":true,"href":"https:\/\/monteagudo.info\/web\/wp-json\/wp\/v2\/tags?post=87"}],"curies":[{"name":"wp","href":"https:\/\/api.w.org\/{rel}","templated":true}]}}